{"id":27562,"date":"2018-01-05T10:54:24","date_gmt":"2018-01-05T13:54:24","guid":{"rendered":"https:\/\/eldiariodesanpedro.com.ar\/sitio\/?p=27562"},"modified":"2018-01-05T10:54:24","modified_gmt":"2018-01-05T13:54:24","slug":"baradero-la-intendente-entrego-pensiones-no-contributivas-por-invalidez-laboral","status":"publish","type":"post","link":"https:\/\/eldiariodesanpedro.com.ar\/sitio\/baradero-la-intendente-entrego-pensiones-no-contributivas-por-invalidez-laboral\/","title":{"rendered":"BARADERO: La intendente entreg\u00f3 pensiones no contributivas por invalidez laboral"},"content":{"rendered":"<p><!-- VideographyWP Plugin Message: Automatic video embedding prevented by plugin options. --><br \/>\nEl mi\u00e9rcoles por la ma\u00f1ana, la jefa comunal Fernanda Antonijevic recibi\u00f3 en el despacho a siete vecinos de la ciudad e hizo entrega de pensiones por invalidez laboral donde tambi\u00e9n se realiz\u00f3 el asesoramiento correspondiente a cada caso.<br \/>\nLa pensi\u00f3n no contributiva por invalidez laboral est\u00e1 destinada, por ley, a las personas que se encuentran en situaci\u00f3n de vulnerabilidad social. La misma no requiere aportes para que la recibas.<br \/>\nLas personas que lo recibieron desarrollaron oportunamente la gesti\u00f3n de tr\u00e1mites en la oficina de Desarrollo Social donde se encuentra el Departamento de Discapacidad y Tercera Edad del municipio.<\/p>\n<p>\u00bfCu\u00e1les son los requisitos para obtener la pensi\u00f3n no contributiva por invalidez laboral?<br \/>\nAcreditar que tu capacidad laboral representa una disminuci\u00f3n del 76% o m\u00e1s.<br \/>\nNo percibir, ni vos ni tu c\u00f3nyuge, ninguna jubilaci\u00f3n, pensi\u00f3n, retiro o prestaci\u00f3n no contributiva.<br \/>\nNo estar empleado bajo relaci\u00f3n de dependencia.<br \/>\nNo tener bienes, ingresos ni recursos que permitan tu subsistencia o la de tu grupo familiar.<br \/>\nNo tener parientes obligados legalmente a proporcionarte alimentos o que, teni\u00e9ndolos, se encuentren impedidos para hacerlo.<br \/>\nSer argentino nativo, argentino naturalizado con, por lo menos, 5 a\u00f1os de residencia o extranjero con, por lo menos, 20 a\u00f1os de residencia.<br \/>\nNo estar detenido a disposici\u00f3n de la justicia.<\/p>\n<p>\u00bfD\u00f3nde se puede realizar el tr\u00e1mite para obtenerla?<br \/>\nEn la oficina de Desarrollo Social de la Municipalidad de Baradero ubicada en Rodr\u00edguez 477.<\/p>\n","protected":false},"excerpt":{"rendered":"<p>El mi\u00e9rcoles por la ma\u00f1ana, la jefa comunal Fernanda Antonijevic recibi\u00f3 en el despacho a siete vecinos de la ciudad e hizo entrega de pensiones por invalidez laboral donde tambi\u00e9n se realiz\u00f3 el asesoramiento correspondiente a cada caso. La pensi\u00f3n no contributiva por invalidez laboral est\u00e1 destinada, por ley, a las personas que se encuentran [&hellip;]<\/p>\n","protected":false},"author":4,"featured_media":27563,"comment_status":"open","ping_status":"closed","sticky":false,"template":"","format":"standard","meta":{"om_disable_all_campaigns":false,"_jetpack_memberships_contains_paid_content":false,"footnotes":""},"categories":[621],"tags":[],"class_list":["post-27562","post","type-post","status-publish","format-standard","has-post-thumbnail","hentry","category-regionales"],"aioseo_notices":[],"gutentor_comment":0,"jetpack_featured_media_url":"https:\/\/eldiariodesanpedro.com.ar\/sitio\/wp-content\/uploads\/2018\/01\/DSC_5154-681x455.jpg","jetpack_shortlink":"https:\/\/wp.me\/p6RhLt-7ay","jetpack_sharing_enabled":true,"_links":{"self":[{"href":"https:\/\/eldiariodesanpedro.com.ar\/sitio\/wp-json\/wp\/v2\/posts\/27562","targetHints":{"allow":["GET"]}}],"collection":[{"href":"https:\/\/eldiariodesanpedro.com.ar\/sitio\/wp-json\/wp\/v2\/posts"}],"about":[{"href":"https:\/\/eldiariodesanpedro.com.ar\/sitio\/wp-json\/wp\/v2\/types\/post"}],"author":[{"embeddable":true,"href":"https:\/\/eldiariodesanpedro.com.ar\/sitio\/wp-json\/wp\/v2\/users\/4"}],"replies":[{"embeddable":true,"href":"https:\/\/eldiariodesanpedro.com.ar\/sitio\/wp-json\/wp\/v2\/comments?post=27562"}],"version-history":[{"count":1,"href":"https:\/\/eldiariodesanpedro.com.ar\/sitio\/wp-json\/wp\/v2\/posts\/27562\/revisions"}],"predecessor-version":[{"id":27564,"href":"https:\/\/eldiariodesanpedro.com.ar\/sitio\/wp-json\/wp\/v2\/posts\/27562\/revisions\/27564"}],"wp:featuredmedia":[{"embeddable":true,"href":"https:\/\/eldiariodesanpedro.com.ar\/sitio\/wp-json\/wp\/v2\/media\/27563"}],"wp:attachment":[{"href":"https:\/\/eldiariodesanpedro.com.ar\/sitio\/wp-json\/wp\/v2\/media?parent=27562"}],"wp:term":[{"taxonomy":"category","embeddable":true,"href":"https:\/\/eldiariodesanpedro.com.ar\/sitio\/wp-json\/wp\/v2\/categories?post=27562"},{"taxonomy":"post_tag","embeddable":true,"href":"https:\/\/eldiariodesanpedro.com.ar\/sitio\/wp-json\/wp\/v2\/tags?post=27562"}],"curies":[{"name":"wp","href":"https:\/\/api.w.org\/{rel}","templated":true}]}}