{"id":27559,"date":"2018-01-05T10:44:49","date_gmt":"2018-01-05T13:44:49","guid":{"rendered":"https:\/\/eldiariodesanpedro.com.ar\/sitio\/?p=27559"},"modified":"2018-01-05T10:44:49","modified_gmt":"2018-01-05T13:44:49","slug":"san-nicolas-efectivo-de-la-policia-local-fue-embestida-por-un-colectivo","status":"publish","type":"post","link":"https:\/\/eldiariodesanpedro.com.ar\/sitio\/san-nicolas-efectivo-de-la-policia-local-fue-embestida-por-un-colectivo\/","title":{"rendered":"SAN NICOLAS: Efectivo de la Polic\u00eda Local fue embestida por un colectivo"},"content":{"rendered":"<p><!-- VideographyWP Plugin Message: Automatic video embedding prevented by plugin options. --><br \/>\nEn horas de la ma\u00f1ana de este jueves, ocurri\u00f3 un accidente de tr\u00e1nsito en inmediaciones de alle Pi\u00f1ero y Otero de barrio San Mart\u00edn.<\/p>\n<p>Por causas que se tratan de establecer, alrededor de las 7:30, un colectivo de la empresa Vercelli choc\u00f3 a una mujer que iba en una moto Yamaha 125cc. La v\u00edctima tiene 28 a\u00f1os y es efectivo de la Polic\u00eda Local.<\/p>\n<p>Tras el impacto, sufri\u00f3 algunos cortes y escoriaciones. Se labraron actuaciones por Lesiones Leves.<br \/>\nFuente: Diario El Informante (http:\/\/www.diarioelinformante.com.ar)<\/p>\n","protected":false},"excerpt":{"rendered":"<p>En horas de la ma\u00f1ana de este jueves, ocurri\u00f3 un accidente de tr\u00e1nsito en inmediaciones de alle Pi\u00f1ero y Otero de barrio San Mart\u00edn. Por causas que se tratan de establecer, alrededor de las 7:30, un colectivo de la empresa Vercelli choc\u00f3 a una mujer que iba en una moto Yamaha 125cc. La v\u00edctima tiene [&hellip;]<\/p>\n","protected":false},"author":4,"featured_media":27560,"comment_status":"open","ping_status":"closed","sticky":false,"template":"","format":"standard","meta":{"om_disable_all_campaigns":false,"_jetpack_memberships_contains_paid_content":false,"footnotes":""},"categories":[621],"tags":[],"class_list":["post-27559","post","type-post","status-publish","format-standard","has-post-thumbnail","hentry","category-regionales"],"aioseo_notices":[],"gutentor_comment":0,"jetpack_featured_media_url":"https:\/\/eldiariodesanpedro.com.ar\/sitio\/wp-content\/uploads\/2018\/01\/nop1c30i2g4mbqp1v151sctvevc8m1.jpg","jetpack_shortlink":"https:\/\/wp.me\/p6RhLt-7av","jetpack_sharing_enabled":true,"_links":{"self":[{"href":"https:\/\/eldiariodesanpedro.com.ar\/sitio\/wp-json\/wp\/v2\/posts\/27559","targetHints":{"allow":["GET"]}}],"collection":[{"href":"https:\/\/eldiariodesanpedro.com.ar\/sitio\/wp-json\/wp\/v2\/posts"}],"about":[{"href":"https:\/\/eldiariodesanpedro.com.ar\/sitio\/wp-json\/wp\/v2\/types\/post"}],"author":[{"embeddable":true,"href":"https:\/\/eldiariodesanpedro.com.ar\/sitio\/wp-json\/wp\/v2\/users\/4"}],"replies":[{"embeddable":true,"href":"https:\/\/eldiariodesanpedro.com.ar\/sitio\/wp-json\/wp\/v2\/comments?post=27559"}],"version-history":[{"count":1,"href":"https:\/\/eldiariodesanpedro.com.ar\/sitio\/wp-json\/wp\/v2\/posts\/27559\/revisions"}],"predecessor-version":[{"id":27561,"href":"https:\/\/eldiariodesanpedro.com.ar\/sitio\/wp-json\/wp\/v2\/posts\/27559\/revisions\/27561"}],"wp:featuredmedia":[{"embeddable":true,"href":"https:\/\/eldiariodesanpedro.com.ar\/sitio\/wp-json\/wp\/v2\/media\/27560"}],"wp:attachment":[{"href":"https:\/\/eldiariodesanpedro.com.ar\/sitio\/wp-json\/wp\/v2\/media?parent=27559"}],"wp:term":[{"taxonomy":"category","embeddable":true,"href":"https:\/\/eldiariodesanpedro.com.ar\/sitio\/wp-json\/wp\/v2\/categories?post=27559"},{"taxonomy":"post_tag","embeddable":true,"href":"https:\/\/eldiariodesanpedro.com.ar\/sitio\/wp-json\/wp\/v2\/tags?post=27559"}],"curies":[{"name":"wp","href":"https:\/\/api.w.org\/{rel}","templated":true}]}}