{"id":27556,"date":"2018-01-04T21:06:44","date_gmt":"2018-01-05T00:06:44","guid":{"rendered":"https:\/\/eldiariodesanpedro.com.ar\/sitio\/?p=27556"},"modified":"2018-01-04T21:06:44","modified_gmt":"2018-01-05T00:06:44","slug":"salazar-es-doloroso-tener-que-prescindir-de-funcionarios-que-trabajaron-muy-bien","status":"publish","type":"post","link":"https:\/\/eldiariodesanpedro.com.ar\/sitio\/salazar-es-doloroso-tener-que-prescindir-de-funcionarios-que-trabajaron-muy-bien\/","title":{"rendered":"Salazar: \u201cEs doloroso tener que prescindir de funcionarios que trabajaron muy bien"},"content":{"rendered":"<p><!-- VideographyWP Plugin Message: Automatic video embedding prevented by plugin options. --><br \/>\nTras el anuncio, el Intendente Municipal habl\u00f3 de los cambios realizados en su Gabinete. Asegur\u00f3 que podr\u00eda haber m\u00e1s modificaciones. \u201cLa idea es achicar el gasto, es un gesto pol\u00edtico que ten\u00edamos que dar\u201d, dijo.<\/p>\n<p>  Oficializadas las modificaciones en su equipo de trabajo, el Intendente Cecilio Salazar se refiri\u00f3 al tema y a cu\u00e1les fueron los verdaderos motivos que lo obligaron a meter mano en el Gabinete.<\/p>\n<p>  Fue la propia Gobernadora Mar\u00eda Eugenia Vidal quien le hab\u00eda solicitado a los intendentes que disminuyeran gastos para dar una se\u00f1al de austeridad.<\/p>\n<p>  El propio Salazar asegur\u00f3 que ten\u00edan que reducir un 15 o 20% los gastos, se lleg\u00f3 al 15, pero no descarta hacer algunos cambios m\u00e1s para poder llegar al 20%.  <\/p>\n<p>  \u201cLo primero que hice fue hablar con los l\u00edderes de cada sector, hay que mantener un equilibrio dentro del frente\u201d, asegur\u00f3 Salazar en el aire de FM G\u00e9nesis.<\/p>\n<p>  \u201cLos l\u00edderes sab\u00edan que le pod\u00edan tocar a gente que ven\u00eda de esos sectores, la Gobernadora nos hablaba de un 15 o 20% de reducci\u00f3n y estamos en el 15%\u201d.<\/p>\n<p>  \u201cEstamos pensando en llegar al 20%, desde Provincia est\u00e1n satisfechos y estamos bien rumbeados\u201d, destac\u00f3.<br \/>\n  \u201cEl Municipio de San Pedro es dependiente de la ayuda de la Provincia y as\u00ed ser\u00e1 por un tiempo, y nos exigen que ajustemos un poco el cintur\u00f3n\u201d.<\/p>\n<p>  Sobre la salida de algunos funcionarios, Salazar se\u00f1al\u00f3: \u201cNaturalmente desprenderme de funcionarios que nos acompa\u00f1aron estos dos a\u00f1os es un poco doloroso, todo el equipo ha estado trabajando bien y da un poco de dolor tener que prescindir de alguno de ellos, yo les expliqu\u00e9 en su momento que no era por el mal desempe\u00f1o de alguno sino por el bien de todos\u201d.<\/p>\n<p>  \u201cLa idea es achicar el gasto, es un gesto pol\u00edtico que ten\u00edamos que dar, yo estoy convencido de que estamos en el camino correcto\u201d.<\/p>\n<p>  \u201cLa gente sigue demandado cosas y nosotros tenemos que estar a la altura de las circunstancias\u201d. <\/p>\n<p>  En cuanto a otras \u00e1reas que sufrir\u00e1n modificaciones, el Intendente se\u00f1al\u00f3: \u201cEn el \u00e1rea de la Privada y Prensa ya est\u00e1 trabajando conmigo Juliana Salmoiragui. Estuvo haciendo un gran trabajo con Hern\u00e1n Contreras en Modernizaci\u00f3n, no quiero que deje de colaborar en esa \u00e1rea y estamos logrando muchas cosas ah\u00ed.\u201d<\/p>\n<p>  En un principio trascendi\u00f3 que se fusionar\u00edan la Direcci\u00f3n de Turismo y Producci\u00f3n, pero finalmente no sucedi\u00f3. \u201cQuer\u00edamos que Camiletti regrese a la subsecretaria de Producci\u00f3n, y Marcela Cu\u00f1er est\u00e1 trabajando muy bien en Turismo y quiero que se dedique pura y exclusivamente a esa \u00e1rea\u201d.<\/p>\n<p>Fuente: San Pedro Informa<\/p>\n","protected":false},"excerpt":{"rendered":"<p>Tras el anuncio, el Intendente Municipal habl\u00f3 de los cambios realizados en su Gabinete. Asegur\u00f3 que podr\u00eda haber m\u00e1s modificaciones. \u201cLa idea es achicar el gasto, es un gesto pol\u00edtico que ten\u00edamos que dar\u201d, dijo. Oficializadas las modificaciones en su equipo de trabajo, el Intendente Cecilio Salazar se refiri\u00f3 al tema y a cu\u00e1les fueron [&hellip;]<\/p>\n","protected":false},"author":4,"featured_media":11569,"comment_status":"open","ping_status":"closed","sticky":false,"template":"","format":"standard","meta":{"om_disable_all_campaigns":false,"_jetpack_memberships_contains_paid_content":false,"footnotes":""},"categories":[2,102],"tags":[],"class_list":["post-27556","post","type-post","status-publish","format-standard","has-post-thumbnail","hentry","category-locales","category-politica-locales"],"aioseo_notices":[],"gutentor_comment":0,"jetpack_featured_media_url":"https:\/\/eldiariodesanpedro.com.ar\/sitio\/wp-content\/uploads\/2016\/12\/salazar-3.jpg","jetpack_shortlink":"https:\/\/wp.me\/p6RhLt-7as","jetpack_sharing_enabled":true,"_links":{"self":[{"href":"https:\/\/eldiariodesanpedro.com.ar\/sitio\/wp-json\/wp\/v2\/posts\/27556","targetHints":{"allow":["GET"]}}],"collection":[{"href":"https:\/\/eldiariodesanpedro.com.ar\/sitio\/wp-json\/wp\/v2\/posts"}],"about":[{"href":"https:\/\/eldiariodesanpedro.com.ar\/sitio\/wp-json\/wp\/v2\/types\/post"}],"author":[{"embeddable":true,"href":"https:\/\/eldiariodesanpedro.com.ar\/sitio\/wp-json\/wp\/v2\/users\/4"}],"replies":[{"embeddable":true,"href":"https:\/\/eldiariodesanpedro.com.ar\/sitio\/wp-json\/wp\/v2\/comments?post=27556"}],"version-history":[{"count":1,"href":"https:\/\/eldiariodesanpedro.com.ar\/sitio\/wp-json\/wp\/v2\/posts\/27556\/revisions"}],"predecessor-version":[{"id":27557,"href":"https:\/\/eldiariodesanpedro.com.ar\/sitio\/wp-json\/wp\/v2\/posts\/27556\/revisions\/27557"}],"wp:featuredmedia":[{"embeddable":true,"href":"https:\/\/eldiariodesanpedro.com.ar\/sitio\/wp-json\/wp\/v2\/media\/11569"}],"wp:attachment":[{"href":"https:\/\/eldiariodesanpedro.com.ar\/sitio\/wp-json\/wp\/v2\/media?parent=27556"}],"wp:term":[{"taxonomy":"category","embeddable":true,"href":"https:\/\/eldiariodesanpedro.com.ar\/sitio\/wp-json\/wp\/v2\/categories?post=27556"},{"taxonomy":"post_tag","embeddable":true,"href":"https:\/\/eldiariodesanpedro.com.ar\/sitio\/wp-json\/wp\/v2\/tags?post=27556"}],"curies":[{"name":"wp","href":"https:\/\/api.w.org\/{rel}","templated":true}]}}