{"id":27553,"date":"2018-01-04T20:55:07","date_gmt":"2018-01-04T23:55:07","guid":{"rendered":"https:\/\/eldiariodesanpedro.com.ar\/sitio\/?p=27553"},"modified":"2018-01-04T20:55:07","modified_gmt":"2018-01-04T23:55:07","slug":"nuevo-tanque-de-agua-potable-para-el-barrio-la-tosquera","status":"publish","type":"post","link":"https:\/\/eldiariodesanpedro.com.ar\/sitio\/nuevo-tanque-de-agua-potable-para-el-barrio-la-tosquera\/","title":{"rendered":"Nuevo tanque de agua potable para el Barrio La Tosquera"},"content":{"rendered":"<p><!-- VideographyWP Plugin Message: Automatic video embedding prevented by plugin options. --><br \/>\nLleg\u00f3 el reemplazo del actual tanque de 5 mil litros que posee el Barrio La Tosquera. <\/p>\n<p>  El nuevo tanque tiene una capacidad de 12 mil litros. Ser\u00e1 instalado la semana pr\u00f3xima cuando lleguen los mil metros de ca\u00f1er\u00eda que abastecer\u00e1n a todo el barrio, adem\u00e1s de 70 llaves de paso que se instalar\u00e1n en cada domicilio del lugar.<\/p>\n","protected":false},"excerpt":{"rendered":"<p>Lleg\u00f3 el reemplazo del actual tanque de 5 mil litros que posee el Barrio La Tosquera. El nuevo tanque tiene una capacidad de 12 mil litros. Ser\u00e1 instalado la semana pr\u00f3xima cuando lleguen los mil metros de ca\u00f1er\u00eda que abastecer\u00e1n a todo el barrio, adem\u00e1s de 70 llaves de paso que se instalar\u00e1n en cada [&hellip;]<\/p>\n","protected":false},"author":4,"featured_media":27554,"comment_status":"open","ping_status":"closed","sticky":false,"template":"","format":"standard","meta":{"om_disable_all_campaigns":false,"_jetpack_memberships_contains_paid_content":false,"footnotes":""},"categories":[101,2],"tags":[],"class_list":["post-27553","post","type-post","status-publish","format-standard","has-post-thumbnail","hentry","category-interes-general-locales","category-locales"],"aioseo_notices":[],"gutentor_comment":0,"jetpack_featured_media_url":"https:\/\/eldiariodesanpedro.com.ar\/sitio\/wp-content\/uploads\/2018\/01\/La-Tosquera-Nuevo-tanque-de-agua.jpg","jetpack_shortlink":"https:\/\/wp.me\/p6RhLt-7ap","jetpack_sharing_enabled":true,"_links":{"self":[{"href":"https:\/\/eldiariodesanpedro.com.ar\/sitio\/wp-json\/wp\/v2\/posts\/27553","targetHints":{"allow":["GET"]}}],"collection":[{"href":"https:\/\/eldiariodesanpedro.com.ar\/sitio\/wp-json\/wp\/v2\/posts"}],"about":[{"href":"https:\/\/eldiariodesanpedro.com.ar\/sitio\/wp-json\/wp\/v2\/types\/post"}],"author":[{"embeddable":true,"href":"https:\/\/eldiariodesanpedro.com.ar\/sitio\/wp-json\/wp\/v2\/users\/4"}],"replies":[{"embeddable":true,"href":"https:\/\/eldiariodesanpedro.com.ar\/sitio\/wp-json\/wp\/v2\/comments?post=27553"}],"version-history":[{"count":1,"href":"https:\/\/eldiariodesanpedro.com.ar\/sitio\/wp-json\/wp\/v2\/posts\/27553\/revisions"}],"predecessor-version":[{"id":27555,"href":"https:\/\/eldiariodesanpedro.com.ar\/sitio\/wp-json\/wp\/v2\/posts\/27553\/revisions\/27555"}],"wp:featuredmedia":[{"embeddable":true,"href":"https:\/\/eldiariodesanpedro.com.ar\/sitio\/wp-json\/wp\/v2\/media\/27554"}],"wp:attachment":[{"href":"https:\/\/eldiariodesanpedro.com.ar\/sitio\/wp-json\/wp\/v2\/media?parent=27553"}],"wp:term":[{"taxonomy":"category","embeddable":true,"href":"https:\/\/eldiariodesanpedro.com.ar\/sitio\/wp-json\/wp\/v2\/categories?post=27553"},{"taxonomy":"post_tag","embeddable":true,"href":"https:\/\/eldiariodesanpedro.com.ar\/sitio\/wp-json\/wp\/v2\/tags?post=27553"}],"curies":[{"name":"wp","href":"https:\/\/api.w.org\/{rel}","templated":true}]}}