{"id":27549,"date":"2018-01-04T20:27:15","date_gmt":"2018-01-04T23:27:15","guid":{"rendered":"https:\/\/eldiariodesanpedro.com.ar\/sitio\/?p=27549"},"modified":"2018-01-04T20:27:15","modified_gmt":"2018-01-04T23:27:15","slug":"zarate-el-intendente-caffaro-recibio-al-ministro-de-educacion-bonaerense","status":"publish","type":"post","link":"https:\/\/eldiariodesanpedro.com.ar\/sitio\/zarate-el-intendente-caffaro-recibio-al-ministro-de-educacion-bonaerense\/","title":{"rendered":"Z\u00c1RATE: El Intendente C\u00e1ffaro recibi\u00f3 al Ministro de Educaci\u00f3n bonaerense"},"content":{"rendered":"<p><!-- VideographyWP Plugin Message: Automatic video embedding prevented by plugin options. --><br \/>\n  El Intendente Osvaldo C\u00e1ffaro recibi\u00f3 esta tarde al Director General de Cultura y Educaci\u00f3n bonaerense, Gabriel S\u00e1nchez Zinny, con quien dialog\u00f3 sobre diferentes temas educativos del distrito.<\/p>\n<p>  En la reuni\u00f3n, en la que tambi\u00e9n estuvo presente la Jefa de Gabinete municipal Florencia Diez, se habl\u00f3 sobre la finalizaci\u00f3n del colegio secundario para fomentar oportunidades en el mundo laboral, sobre el Fondo de Financiamiento Educativo y los arreglos que se hicieron en las escuelas, y sobre la inversi\u00f3n que el Municipio realiz\u00f3 en diferentes ramas de la educaci\u00f3n como el CGC y alfabetizaci\u00f3n en los barrios.<\/p>\n<p>  \u201cLe agradezco a Gabriel que se haya acercado a Z\u00e1rate para dialogar, se lleva una radiograf\u00eda del distrito y vamos a seguir trabajando de manera conjunta con la provincia como se lo merecen nuestros hijos\u201d, dijo C\u00e1ffaro tras la reuni\u00f3n.<\/p>\n<p>  Luego, el Jefe Comunal se\u00f1al\u00f3 que acordaron reunirse con sus respectivos equipos de trabajo para planificar y analizar las inversiones en infraestructura escolar para el 2018.<\/p>\n<p>  Por su parte, el funcionario bonaerense destac\u00f3: \u201cOsvaldo eligi\u00f3 la educaci\u00f3n como una de las prioridades de su gesti\u00f3n\u201d.<\/p>\n<p>  Gabriel S\u00e1nchez Zinny tambi\u00e9n opin\u00f3 que \u201cel CGC es una gran obra, dar oportunidades a todos para que sigan estudiando despu\u00e9s del secundario es clave, el Intendente me mostr\u00f3 los convenios con las universidades, m\u00e1s de 1000 alumnos estudian all\u00ed, por eso vamos a seguir trabajando en conjunto en carreras en ese Centro y en carreras que est\u00e9n vinculadas a la tecnolog\u00eda o que tengan gran demanda como enfermer\u00eda\u201d.<\/p>\n<p>  A su vez, el Ministro resalt\u00f3 el inter\u00e9s en la educaci\u00f3n como eje para fomentar la oportunidad de los chicos y adultos que terminan el secundario en el mundo laboral.<\/p>\n<p>Fuente: Enlace Cr\u00edtico<\/p>\n","protected":false},"excerpt":{"rendered":"<p>El Intendente Osvaldo C\u00e1ffaro recibi\u00f3 esta tarde al Director General de Cultura y Educaci\u00f3n bonaerense, Gabriel S\u00e1nchez Zinny, con quien dialog\u00f3 sobre diferentes temas educativos del distrito. En la reuni\u00f3n, en la que tambi\u00e9n estuvo presente la Jefa de Gabinete municipal Florencia Diez, se habl\u00f3 sobre la finalizaci\u00f3n del colegio secundario para fomentar oportunidades en [&hellip;]<\/p>\n","protected":false},"author":4,"featured_media":27551,"comment_status":"open","ping_status":"closed","sticky":false,"template":"","format":"standard","meta":{"om_disable_all_campaigns":false,"_jetpack_memberships_contains_paid_content":false,"footnotes":""},"categories":[621],"tags":[],"class_list":["post-27549","post","type-post","status-publish","format-standard","has-post-thumbnail","hentry","category-regionales"],"aioseo_notices":[],"gutentor_comment":0,"jetpack_featured_media_url":"https:\/\/eldiariodesanpedro.com.ar\/sitio\/wp-content\/uploads\/2018\/01\/El-Intendente-C\u00e1ffaro-recibi\u00f3-al-Ministro-de-Educaci\u00f3n-bonaerense.jpg","jetpack_shortlink":"https:\/\/wp.me\/p6RhLt-7al","jetpack_sharing_enabled":true,"_links":{"self":[{"href":"https:\/\/eldiariodesanpedro.com.ar\/sitio\/wp-json\/wp\/v2\/posts\/27549","targetHints":{"allow":["GET"]}}],"collection":[{"href":"https:\/\/eldiariodesanpedro.com.ar\/sitio\/wp-json\/wp\/v2\/posts"}],"about":[{"href":"https:\/\/eldiariodesanpedro.com.ar\/sitio\/wp-json\/wp\/v2\/types\/post"}],"author":[{"embeddable":true,"href":"https:\/\/eldiariodesanpedro.com.ar\/sitio\/wp-json\/wp\/v2\/users\/4"}],"replies":[{"embeddable":true,"href":"https:\/\/eldiariodesanpedro.com.ar\/sitio\/wp-json\/wp\/v2\/comments?post=27549"}],"version-history":[{"count":1,"href":"https:\/\/eldiariodesanpedro.com.ar\/sitio\/wp-json\/wp\/v2\/posts\/27549\/revisions"}],"predecessor-version":[{"id":27552,"href":"https:\/\/eldiariodesanpedro.com.ar\/sitio\/wp-json\/wp\/v2\/posts\/27549\/revisions\/27552"}],"wp:featuredmedia":[{"embeddable":true,"href":"https:\/\/eldiariodesanpedro.com.ar\/sitio\/wp-json\/wp\/v2\/media\/27551"}],"wp:attachment":[{"href":"https:\/\/eldiariodesanpedro.com.ar\/sitio\/wp-json\/wp\/v2\/media?parent=27549"}],"wp:term":[{"taxonomy":"category","embeddable":true,"href":"https:\/\/eldiariodesanpedro.com.ar\/sitio\/wp-json\/wp\/v2\/categories?post=27549"},{"taxonomy":"post_tag","embeddable":true,"href":"https:\/\/eldiariodesanpedro.com.ar\/sitio\/wp-json\/wp\/v2\/tags?post=27549"}],"curies":[{"name":"wp","href":"https:\/\/api.w.org\/{rel}","templated":true}]}}