{"id":27548,"date":"2018-01-04T20:25:41","date_gmt":"2018-01-04T23:25:41","guid":{"rendered":"https:\/\/eldiariodesanpedro.com.ar\/sitio\/?p=27548"},"modified":"2018-01-04T20:25:41","modified_gmt":"2018-01-04T23:25:41","slug":"ramallo-lanzan-libreta-sanitaria-para-la-mujer","status":"publish","type":"post","link":"https:\/\/eldiariodesanpedro.com.ar\/sitio\/ramallo-lanzan-libreta-sanitaria-para-la-mujer\/","title":{"rendered":"RAMALLO: Lanzan libreta sanitaria para la mujer"},"content":{"rendered":"<p><!-- VideographyWP Plugin Message: Automatic video embedding prevented by plugin options. --><br \/>\nLa Secretar\u00eda de Salud de la Municipalidad de Ramallo la pondr\u00e1 a disposici\u00f3n esta semana en las unidades sanitarias y el Hospital Gomendio. Por otro lado, finalizaron los trabajos de ampliaci\u00f3n de la nueva sala de admisi\u00f3n del centro de atenci\u00f3n m\u00e9dico de Villa Ramallo.<\/p>\n<p>  La Secretar\u00eda de Salud de la Municipalidad de Ramallo dio a conocer en las \u00faltimas horas dos noticias importantes. <\/p>\n<p>  Por un lado, la creaci\u00f3n de la nueva Libreta de Salud de la Mujer, que servir\u00e1 para controlar y seguir la realizaci\u00f3n de distintos estudios m\u00e9dicos, como mamograf\u00edas, ecograf\u00edas ginecol\u00f3gicas, colposcop\u00eda y papanicolaou.<\/p>\n<p>  Tambi\u00e9n, se inform\u00f3 sobre la finalizaci\u00f3n de los trabajos de ampliaci\u00f3n de la nueva oficina de admisi\u00f3n de pacientes de la Unidad Sanitaria de Villa Ramallo. <\/p>\n<p>Fuente Meta FM (http:\/\/www.metafm.com.ar)<\/p>\n","protected":false},"excerpt":{"rendered":"<p>La Secretar\u00eda de Salud de la Municipalidad de Ramallo la pondr\u00e1 a disposici\u00f3n esta semana en las unidades sanitarias y el Hospital Gomendio. Por otro lado, finalizaron los trabajos de ampliaci\u00f3n de la nueva sala de admisi\u00f3n del centro de atenci\u00f3n m\u00e9dico de Villa Ramallo. La Secretar\u00eda de Salud de la Municipalidad de Ramallo dio [&hellip;]<\/p>\n","protected":false},"author":4,"featured_media":0,"comment_status":"open","ping_status":"closed","sticky":false,"template":"","format":"standard","meta":{"om_disable_all_campaigns":false,"_jetpack_memberships_contains_paid_content":false,"footnotes":""},"categories":[621],"tags":[],"class_list":["post-27548","post","type-post","status-publish","format-standard","hentry","category-regionales"],"aioseo_notices":[],"gutentor_comment":0,"jetpack_featured_media_url":"","jetpack_shortlink":"https:\/\/wp.me\/p6RhLt-7ak","jetpack_sharing_enabled":true,"_links":{"self":[{"href":"https:\/\/eldiariodesanpedro.com.ar\/sitio\/wp-json\/wp\/v2\/posts\/27548","targetHints":{"allow":["GET"]}}],"collection":[{"href":"https:\/\/eldiariodesanpedro.com.ar\/sitio\/wp-json\/wp\/v2\/posts"}],"about":[{"href":"https:\/\/eldiariodesanpedro.com.ar\/sitio\/wp-json\/wp\/v2\/types\/post"}],"author":[{"embeddable":true,"href":"https:\/\/eldiariodesanpedro.com.ar\/sitio\/wp-json\/wp\/v2\/users\/4"}],"replies":[{"embeddable":true,"href":"https:\/\/eldiariodesanpedro.com.ar\/sitio\/wp-json\/wp\/v2\/comments?post=27548"}],"version-history":[{"count":1,"href":"https:\/\/eldiariodesanpedro.com.ar\/sitio\/wp-json\/wp\/v2\/posts\/27548\/revisions"}],"predecessor-version":[{"id":27550,"href":"https:\/\/eldiariodesanpedro.com.ar\/sitio\/wp-json\/wp\/v2\/posts\/27548\/revisions\/27550"}],"wp:attachment":[{"href":"https:\/\/eldiariodesanpedro.com.ar\/sitio\/wp-json\/wp\/v2\/media?parent=27548"}],"wp:term":[{"taxonomy":"category","embeddable":true,"href":"https:\/\/eldiariodesanpedro.com.ar\/sitio\/wp-json\/wp\/v2\/categories?post=27548"},{"taxonomy":"post_tag","embeddable":true,"href":"https:\/\/eldiariodesanpedro.com.ar\/sitio\/wp-json\/wp\/v2\/tags?post=27548"}],"curies":[{"name":"wp","href":"https:\/\/api.w.org\/{rel}","templated":true}]}}