{"id":27544,"date":"2018-01-04T20:20:55","date_gmt":"2018-01-04T23:20:55","guid":{"rendered":"https:\/\/eldiariodesanpedro.com.ar\/sitio\/?p=27544"},"modified":"2018-01-04T20:20:55","modified_gmt":"2018-01-04T23:20:55","slug":"villa-maria-cordoba-vecinos-de-baradero-y-zarate-se-accidentaron-en-un-choque","status":"publish","type":"post","link":"https:\/\/eldiariodesanpedro.com.ar\/sitio\/villa-maria-cordoba-vecinos-de-baradero-y-zarate-se-accidentaron-en-un-choque\/","title":{"rendered":"VILLA MAR\u00cdA &#8211; C\u00d3RDOBA: Vecinos de Baradero y Z\u00e1rate se accidentaron en un choque"},"content":{"rendered":"<p><!-- VideographyWP Plugin Message: Automatic video embedding prevented by plugin options. --><br \/>\nUna Fiat Fiorino y un Ford Focus chocaron cuando transitaban en el mismo sentido. Uno de ellos impact\u00f3 sobre el guardarra\u00edl interno y tumb\u00f3 un poste de iluminaci\u00f3n. Seg\u00fan Bomberos, hubo cinco personas heridas, de las que tres ser\u00edan menores de edad.<\/p>\n<p><strong>Identidades<\/strong><br \/>\n  El Ford Focus gris era conducido Mauro David Fern\u00e1ndez, de 42 a\u00f1os, el cual se encontraba acompa\u00f1ado por Ariana Ferreyra Trapiani, de 9 a\u00f1os, y Diego Ferreyra Trapiani, de 16 a\u00f1os, todos domiciliados en la localidad de Z\u00e1rate, provincia de Buenos Aires.<\/p>\n<p>  El utilitario marca Fiat Fiorino blanco era conducido por Mar\u00eda In\u00e9s Palacios, de 45 a\u00f1os, quien estaba acompa\u00f1ada por Valentina Deleglise, de 13 a\u00f1os, domiciliadas en Baradero, provincia de Buenos Aires.<\/p>\n<p><strong>Corredor sanitario<\/strong><br \/>\n  Las personas heridas fueron trasladadas al Hospital Pasteur, con la intervenci\u00f3n de ambulancias de Bomberos y la formaci\u00f3n de un corredor sanitario.<\/p>\n<p>  Desde la Polic\u00eda se relat\u00f3 que la conductora de la Fiorino se asust\u00f3, perdiendo el control, al ver un cami\u00f3n que circulaba por uno de los rulos de acceso a la Autopista.<\/p>\n<p>  Todos los involucrados en el accidente se recuperan de las lesiones sufridas.<\/p>\n<p>Fuente: villamariavivo.com y Enlace Cr\u00edtico<\/p>\n","protected":false},"excerpt":{"rendered":"<p>Una Fiat Fiorino y un Ford Focus chocaron cuando transitaban en el mismo sentido. Uno de ellos impact\u00f3 sobre el guardarra\u00edl interno y tumb\u00f3 un poste de iluminaci\u00f3n. Seg\u00fan Bomberos, hubo cinco personas heridas, de las que tres ser\u00edan menores de edad. Identidades El Ford Focus gris era conducido Mauro David Fern\u00e1ndez, de 42 a\u00f1os, [&hellip;]<\/p>\n","protected":false},"author":4,"featured_media":27546,"comment_status":"open","ping_status":"closed","sticky":false,"template":"","format":"standard","meta":{"om_disable_all_campaigns":false,"_jetpack_memberships_contains_paid_content":false,"footnotes":""},"categories":[621],"tags":[],"class_list":["post-27544","post","type-post","status-publish","format-standard","has-post-thumbnail","hentry","category-regionales"],"aioseo_notices":[],"gutentor_comment":0,"jetpack_featured_media_url":"https:\/\/eldiariodesanpedro.com.ar\/sitio\/wp-content\/uploads\/2018\/01\/Vecinos-de-Baradero-y-Z\u00e1rate-se-accidentaron-en-un-choque.jpg","jetpack_shortlink":"https:\/\/wp.me\/p6RhLt-7ag","jetpack_sharing_enabled":true,"_links":{"self":[{"href":"https:\/\/eldiariodesanpedro.com.ar\/sitio\/wp-json\/wp\/v2\/posts\/27544","targetHints":{"allow":["GET"]}}],"collection":[{"href":"https:\/\/eldiariodesanpedro.com.ar\/sitio\/wp-json\/wp\/v2\/posts"}],"about":[{"href":"https:\/\/eldiariodesanpedro.com.ar\/sitio\/wp-json\/wp\/v2\/types\/post"}],"author":[{"embeddable":true,"href":"https:\/\/eldiariodesanpedro.com.ar\/sitio\/wp-json\/wp\/v2\/users\/4"}],"replies":[{"embeddable":true,"href":"https:\/\/eldiariodesanpedro.com.ar\/sitio\/wp-json\/wp\/v2\/comments?post=27544"}],"version-history":[{"count":1,"href":"https:\/\/eldiariodesanpedro.com.ar\/sitio\/wp-json\/wp\/v2\/posts\/27544\/revisions"}],"predecessor-version":[{"id":27547,"href":"https:\/\/eldiariodesanpedro.com.ar\/sitio\/wp-json\/wp\/v2\/posts\/27544\/revisions\/27547"}],"wp:featuredmedia":[{"embeddable":true,"href":"https:\/\/eldiariodesanpedro.com.ar\/sitio\/wp-json\/wp\/v2\/media\/27546"}],"wp:attachment":[{"href":"https:\/\/eldiariodesanpedro.com.ar\/sitio\/wp-json\/wp\/v2\/media?parent=27544"}],"wp:term":[{"taxonomy":"category","embeddable":true,"href":"https:\/\/eldiariodesanpedro.com.ar\/sitio\/wp-json\/wp\/v2\/categories?post=27544"},{"taxonomy":"post_tag","embeddable":true,"href":"https:\/\/eldiariodesanpedro.com.ar\/sitio\/wp-json\/wp\/v2\/tags?post=27544"}],"curies":[{"name":"wp","href":"https:\/\/api.w.org\/{rel}","templated":true}]}}