{"id":27540,"date":"2018-01-04T20:18:23","date_gmt":"2018-01-04T23:18:23","guid":{"rendered":"https:\/\/eldiariodesanpedro.com.ar\/sitio\/?p=27540"},"modified":"2018-01-04T20:18:23","modified_gmt":"2018-01-04T23:18:23","slug":"zarate-buscan-a-una-menor-de-13-anos","status":"publish","type":"post","link":"https:\/\/eldiariodesanpedro.com.ar\/sitio\/zarate-buscan-a-una-menor-de-13-anos\/","title":{"rendered":"Z\u00c1RATE: Buscan a una menor de 13 a\u00f1os"},"content":{"rendered":"<p><!-- VideographyWP Plugin Message: Automatic video embedding prevented by plugin options. --><br \/>\nSe trata de Daiana Cabrera qui\u00e9n fue vista por \u00faltima vez en la noche del mi\u00e9rcoles. La joven no es de la zona y podr\u00eda estar desorientada.<\/p>\n<p>  Seg\u00fan publica Infozc Daiana Cabrera se perdi\u00f3 este mi\u00e9rcoles en Z\u00e1rate en la zona de Lavalle y Perito Moreno alrededor de las 23.00. <\/p>\n<p>  La adolescente mide 1,30, es de contextura delgada, y tiene cabello casta\u00f1o claro. No es oriunda de Z\u00e1rate por lo que podr\u00eda estar desorientada.<\/p>\n","protected":false},"excerpt":{"rendered":"<p>Se trata de Daiana Cabrera qui\u00e9n fue vista por \u00faltima vez en la noche del mi\u00e9rcoles. La joven no es de la zona y podr\u00eda estar desorientada. Seg\u00fan publica Infozc Daiana Cabrera se perdi\u00f3 este mi\u00e9rcoles en Z\u00e1rate en la zona de Lavalle y Perito Moreno alrededor de las 23.00. La adolescente mide 1,30, es [&hellip;]<\/p>\n","protected":false},"author":4,"featured_media":27542,"comment_status":"open","ping_status":"closed","sticky":false,"template":"","format":"standard","meta":{"om_disable_all_campaigns":false,"_jetpack_memberships_contains_paid_content":false,"footnotes":""},"categories":[621],"tags":[],"class_list":["post-27540","post","type-post","status-publish","format-standard","has-post-thumbnail","hentry","category-regionales"],"aioseo_notices":[],"gutentor_comment":0,"jetpack_featured_media_url":"https:\/\/eldiariodesanpedro.com.ar\/sitio\/wp-content\/uploads\/2018\/01\/Daiana-Cabrera.jpg","jetpack_shortlink":"https:\/\/wp.me\/p6RhLt-7ac","jetpack_sharing_enabled":true,"_links":{"self":[{"href":"https:\/\/eldiariodesanpedro.com.ar\/sitio\/wp-json\/wp\/v2\/posts\/27540","targetHints":{"allow":["GET"]}}],"collection":[{"href":"https:\/\/eldiariodesanpedro.com.ar\/sitio\/wp-json\/wp\/v2\/posts"}],"about":[{"href":"https:\/\/eldiariodesanpedro.com.ar\/sitio\/wp-json\/wp\/v2\/types\/post"}],"author":[{"embeddable":true,"href":"https:\/\/eldiariodesanpedro.com.ar\/sitio\/wp-json\/wp\/v2\/users\/4"}],"replies":[{"embeddable":true,"href":"https:\/\/eldiariodesanpedro.com.ar\/sitio\/wp-json\/wp\/v2\/comments?post=27540"}],"version-history":[{"count":1,"href":"https:\/\/eldiariodesanpedro.com.ar\/sitio\/wp-json\/wp\/v2\/posts\/27540\/revisions"}],"predecessor-version":[{"id":27545,"href":"https:\/\/eldiariodesanpedro.com.ar\/sitio\/wp-json\/wp\/v2\/posts\/27540\/revisions\/27545"}],"wp:featuredmedia":[{"embeddable":true,"href":"https:\/\/eldiariodesanpedro.com.ar\/sitio\/wp-json\/wp\/v2\/media\/27542"}],"wp:attachment":[{"href":"https:\/\/eldiariodesanpedro.com.ar\/sitio\/wp-json\/wp\/v2\/media?parent=27540"}],"wp:term":[{"taxonomy":"category","embeddable":true,"href":"https:\/\/eldiariodesanpedro.com.ar\/sitio\/wp-json\/wp\/v2\/categories?post=27540"},{"taxonomy":"post_tag","embeddable":true,"href":"https:\/\/eldiariodesanpedro.com.ar\/sitio\/wp-json\/wp\/v2\/tags?post=27540"}],"curies":[{"name":"wp","href":"https:\/\/api.w.org\/{rel}","templated":true}]}}