{"id":27539,"date":"2018-01-04T20:17:33","date_gmt":"2018-01-04T23:17:33","guid":{"rendered":"https:\/\/eldiariodesanpedro.com.ar\/sitio\/?p=27539"},"modified":"2018-01-04T20:17:33","modified_gmt":"2018-01-04T23:17:33","slug":"san-nicolas-expoagro-calienta-motores","status":"publish","type":"post","link":"https:\/\/eldiariodesanpedro.com.ar\/sitio\/san-nicolas-expoagro-calienta-motores\/","title":{"rendered":"SAN NICOL\u00c1S: Expoagro calienta motores"},"content":{"rendered":"<p><!-- VideographyWP Plugin Message: Automatic video embedding prevented by plugin options. --><\/p>\n<p>El p\u00fablico y los expositores podr\u00e1n disfrutar este a\u00f1o de una mejor infraestructura y mayor capacidad de planificaci\u00f3n. La muestra que promueven el Grupo Clar\u00edn y diario La Naci\u00f3n vivir\u00e1 su segunda edici\u00f3n en el predio ferial de San Nicol\u00e1s, del 13 al 16 de marzo pr\u00f3ximo.<\/p>\n<p>  Del 13 al 16 de marzo pr\u00f3ximos, el predio ubicado en el kil\u00f3metro 225 de la Ruta Nacional 9 volver\u00e1 a marcar un hito en exposiciones a campo abierto. La 12\u00aa edici\u00f3n de Expoagro se realizar\u00e1 por segundo a\u00f1o en el predio ferial de nuestra ciudad, un lugar estable que mostrar\u00e1 mejoras que aportan valor a expositores y p\u00fablico.<\/p>\n<p>  Una de las grandes ventajas que tienen los expositores es la posibilidad de elegir su lote dentro de la exposici\u00f3n y asegur\u00e1rselo por tres a\u00f1os, adem\u00e1s de abonarlo con una tarifa congelada y financiado por tres a\u00f1os a trav\u00e9s de las herramientas que ofrecen el Banco Provincia y el banco Galicia. La otra ventaja importante para los expositores es la posibilidad de trabajar con mayor planificaci\u00f3n en su estrategia de exhibici\u00f3n y hacerlo en mejores condiciones de infraestructura.<\/p>\n<p>  En esta l\u00ednea, marcas como John Deere, New Holland, Lindsay, Metalfor, SN Estudio Aduanero, Don Mario Semillas, IPESA, Banco Galicia y Safe Motion Veh\u00edculos El\u00e9ctricos ya han confirmado su auspicio. En tanto otras 200 han cerrado su participaci\u00f3n.<\/p>\n<p>  \u201cContratar por tres a\u00f1os nos permite proyectar mejor la construcci\u00f3n del stand, reducir costos y organizarnos a mediano plazo. Tambi\u00e9n nos parece bueno estar en el mismo lote que el a\u00f1o anterior para que nuestros clientes se familiaricen con el stand\u201d, afirm\u00f3 el director de IpesaSilo, Mariano Klas. <\/p>\n<p>Fuente: Diario El Norte (http:\/\/www.diarioelnorte.com.ar)<\/p>\n","protected":false},"excerpt":{"rendered":"<p>El p\u00fablico y los expositores podr\u00e1n disfrutar este a\u00f1o de una mejor infraestructura y mayor capacidad de planificaci\u00f3n. La muestra que promueven el Grupo Clar\u00edn y diario La Naci\u00f3n vivir\u00e1 su segunda edici\u00f3n en el predio ferial de San Nicol\u00e1s, del 13 al 16 de marzo pr\u00f3ximo. Del 13 al 16 de marzo pr\u00f3ximos, el [&hellip;]<\/p>\n","protected":false},"author":4,"featured_media":27541,"comment_status":"open","ping_status":"closed","sticky":false,"template":"","format":"standard","meta":{"om_disable_all_campaigns":false,"_jetpack_memberships_contains_paid_content":false,"footnotes":""},"categories":[621],"tags":[],"class_list":["post-27539","post","type-post","status-publish","format-standard","has-post-thumbnail","hentry","category-regionales"],"aioseo_notices":[],"gutentor_comment":0,"jetpack_featured_media_url":"https:\/\/eldiariodesanpedro.com.ar\/sitio\/wp-content\/uploads\/2018\/01\/expoagro-2017.jpg","jetpack_shortlink":"https:\/\/wp.me\/p6RhLt-7ab","jetpack_sharing_enabled":true,"_links":{"self":[{"href":"https:\/\/eldiariodesanpedro.com.ar\/sitio\/wp-json\/wp\/v2\/posts\/27539","targetHints":{"allow":["GET"]}}],"collection":[{"href":"https:\/\/eldiariodesanpedro.com.ar\/sitio\/wp-json\/wp\/v2\/posts"}],"about":[{"href":"https:\/\/eldiariodesanpedro.com.ar\/sitio\/wp-json\/wp\/v2\/types\/post"}],"author":[{"embeddable":true,"href":"https:\/\/eldiariodesanpedro.com.ar\/sitio\/wp-json\/wp\/v2\/users\/4"}],"replies":[{"embeddable":true,"href":"https:\/\/eldiariodesanpedro.com.ar\/sitio\/wp-json\/wp\/v2\/comments?post=27539"}],"version-history":[{"count":1,"href":"https:\/\/eldiariodesanpedro.com.ar\/sitio\/wp-json\/wp\/v2\/posts\/27539\/revisions"}],"predecessor-version":[{"id":27543,"href":"https:\/\/eldiariodesanpedro.com.ar\/sitio\/wp-json\/wp\/v2\/posts\/27539\/revisions\/27543"}],"wp:featuredmedia":[{"embeddable":true,"href":"https:\/\/eldiariodesanpedro.com.ar\/sitio\/wp-json\/wp\/v2\/media\/27541"}],"wp:attachment":[{"href":"https:\/\/eldiariodesanpedro.com.ar\/sitio\/wp-json\/wp\/v2\/media?parent=27539"}],"wp:term":[{"taxonomy":"category","embeddable":true,"href":"https:\/\/eldiariodesanpedro.com.ar\/sitio\/wp-json\/wp\/v2\/categories?post=27539"},{"taxonomy":"post_tag","embeddable":true,"href":"https:\/\/eldiariodesanpedro.com.ar\/sitio\/wp-json\/wp\/v2\/tags?post=27539"}],"curies":[{"name":"wp","href":"https:\/\/api.w.org\/{rel}","templated":true}]}}