{"id":27535,"date":"2018-01-04T12:45:12","date_gmt":"2018-01-04T15:45:12","guid":{"rendered":"https:\/\/eldiariodesanpedro.com.ar\/sitio\/?p=27535"},"modified":"2018-01-04T12:45:12","modified_gmt":"2018-01-04T15:45:12","slug":"animales-sueltos-operativos-de-prevencion-y-ordenamiento","status":"publish","type":"post","link":"https:\/\/eldiariodesanpedro.com.ar\/sitio\/animales-sueltos-operativos-de-prevencion-y-ordenamiento\/","title":{"rendered":"Animales sueltos: Operativos de prevenci\u00f3n y ordenamiento"},"content":{"rendered":"<p><!-- VideographyWP Plugin Message: Automatic video embedding prevented by plugin options. --><br \/>\nEl Diario de San Pedro entrevist\u00f3 a los responsables del operativo para normalizar la situaci\u00f3n de equinos del Partido. El Oficial Inspector Vidal Segundo Jefe de la Polic\u00eda Rural, Carolina Camarasa de la Oficina de Marcas y Gu\u00edas, Jorge Velo Coordinador de Arrieros y, \u00c1ngel Burgos Director de Tr\u00e1nsito y Nocturnidad. Nos informaron sobre el operativo que tuvieron en la zona de la Ruta 1001 y Bajo Tala, entre otros temas.<\/p>\n<p>   El Director de Tr\u00e1nsito y Nocturnidad, \u00c1ngel Burgos nos explica que este es un trabajo serio que comenz\u00f3 a pedido del Intendente municipal debido a la existencia de gran cantidad de accidentes y siniestros con animales sueltos en rutas y caminos. Es un trabajo planteado en equipo para concientizar a aquellos que tienen un animal.<br \/>\n  \u201cTodos aquellos que tengan un animal deben cuidarlo, tomar conciencia. Nosotros lo \u00fanico que hacemos es tratar, por sobre todas las cosas, de ordenar\u201d sostuvo Burgos y aclar\u00f3: \u201cSe est\u00e1 trabajando muy seriamente con un equipo con mucha dedicaci\u00f3n y mucha vocaci\u00f3n\u201d.<br \/>\n  \u201cEs un operativo que surge de la cantidad enorme de animales que hab\u00eda sueltos en la v\u00eda p\u00fablica. Hasta ahora es el operativo m\u00e1s grande de animales sueltos en el que estuvimos trabajando\u201d sum\u00f3 Carolina de la Oficina de Marcas y Gu\u00edas. Y apoy\u00f3 los dichos de Burgos aclarando: \u201cHoy por hoy el Municipio est\u00e1 poniendo a disposici\u00f3n todos los recursos para que la gente regularice y normalice esta situaci\u00f3n. Tambi\u00e9n pudimos cubrir la capacitaci\u00f3n del veterinario del equipo, Mart\u00edn Cipolla, para poder cerrar la campa\u00f1a con la aplicaci\u00f3n de los micro chips. Contamos, tambi\u00e9n, con todo el apoyo del Ministerio de Agroindustria de la Provincia\u201d.<\/p>\n<p>Sobre el operativo realizado en la zona de Ruta 1001, R\u00edo Tala y Bajo Tala<br \/>\n  Vidal cont\u00f3 que se recibi\u00f3 un llamado a trav\u00e9s del servicio 911 donde se informaba sobre la presencia de equinos sueltos en la zona. All\u00ed se comisionaron dos m\u00f3viles y constataron la informaci\u00f3n recibida. Por tal motivo, procedieron a llamar al personal de Inspecci\u00f3n y a la Oficina de Gu\u00edas para seguir los pasos correspondientes.<br \/>\n  Velo, Coordinador de Arrieros, aclar\u00f3 adem\u00e1s que el operativo arranca a partir de las denuncias de los vecinos que, en conjunto con Polic\u00eda lograron retener los animales en un campo prestado.<br \/>\n  Se retuvieron 15 animales, quedando a la deriva 20 \u2013 25 m\u00e1s, que no pudieron ser agarrados porque en esa zona muchos campos no tienen alambrados, o los mismos animales los rompen y se hace muy dificultosa la tarea para el personal, que no puede ingresar a las propiedades salvo expresa autorizaci\u00f3n del due\u00f1o. Velo manifiesta: \u201cNo tenemos los veh\u00edculos adecuados para trasladarnos entre un campo y el otro. Se hace todo a pulm\u00f3n, a pie, en moto, corriendo con un m\u00f3vil, y no nos podemos meter en propiedad privada\u201d.<br \/>\n  A pesar de las complicaciones de la tarea, aseguran que continuar\u00e1n trabajando en todo el Partido de San Pedro.  Estuvieron tambi\u00e9n en Vuelta de Obligado, en la zona de Ingeniero Moneta, donde localizaron animales sueltos junto a sus propietarios, cuid\u00e1ndolos en la calle. \u201cSe les marc\u00f3 la infracci\u00f3n y se les inform\u00f3 que, si sigue esto as\u00ed, vamos a intervenir los animales como corresponde\u201d aclar\u00f3 el Coordinador Velo.  Adem\u00e1s, cont\u00f3 que son 20 los caballos retenidos en San Pedro y 15 en el Destacamento de la Polic\u00eda Rural.<br \/>\n  Camarasa detall\u00f3 que durante los operativos trabajaron con la colaboraci\u00f3n de la Polic\u00eda Distrital, del Destacamento de R\u00edo Tala, de la Patrulla Rural, todos los m\u00f3viles de Seguridad, Inspecci\u00f3n. \u201cEs un trabajo muy intenso, son muchas horas y lo que tratamos de hacer es evitar tragedias\u201d manifest\u00f3.<br \/>\n  Y asegur\u00f3 que el trabajo que realizan es preventivo, con esta campa\u00f1a de concientizaci\u00f3n le ofrecen la posibilidad a la gente para regularizar los animales. Cuenta que est\u00e1n trabajando muy seriamente en todo el partido, en las localidades y en la misma ciudad cabecera. \u201cEl s\u00e1bado pasado se realiz\u00f3 una campa\u00f1a en La Tosquera donde se acerc\u00f3 mucha gente, pero todav\u00eda no llegamos a cubrir el total\u201d explic\u00f3 luego.<\/p>\n<p>Qu\u00e9 hacer ante la aparici\u00f3n de animales sueltos<br \/>\n  Carolina, como responsable de la Oficina de Marcas y Gu\u00edas (que trabaja sobre la procedencia de los animales e identifica qui\u00e9nes son los propietarios o qui\u00e9nes tienen la tenencia precaria de los animales) nos explica que, en primera instancia, lo que se hace desde la Oficina es prestar colaboraci\u00f3n luego de una denuncia recibida a trav\u00e9s de la Patrulla Rural. Entonces, ante la aparici\u00f3n de animales sueltos, la gente tiene que llamar a la Polic\u00eda Rural, que realizar\u00e1 las acciones correspondientes.<br \/>\n  Una vez que esos animales son retenidos, se inicia un procedimiento, una causa judicial donde interviene el Juzgado de Faltas y hay una actuaci\u00f3n correspondiente. Adem\u00e1s, se le da la posibilidad al propietario o responsable, de hacer todos los an\u00e1lisis de rutina para que el animal salga sano y tener un registro del mismo.<br \/>\n  Para retirar el animal, la gente tiene que acercarse hasta la Oficina de Inspecci\u00f3n en el Juzgado de Faltas, tienen que presentarse con un RENSPA (Registro Nacional Sanitario de Productores Agropecuarios), que es la inscripci\u00f3n gratuita que debe realizarse en SENASA y, con el sangrado del veterinario. As\u00ed obtienen una tenencia precaria del animal, en el caso de aquellos que son encontrados en la v\u00eda p\u00fablica y est\u00e1n dentro de una causa judicial a trav\u00e9s del Juzgado de Faltas. Despu\u00e9s, el tr\u00e1mite contin\u00faa como si fuera una infracci\u00f3n de tr\u00e1nsito. Si o s\u00ed, tienen que esperar la resoluci\u00f3n del Juez y las 72 hs del resultado del an\u00e1lisis.<br \/>\n  Si los propietarios o responsables ya cuentan con el registro y con las libretas sanitarias o certificados de anemia correspondientes, retiran autom\u00e1ticamente los animales y contin\u00faan con el tr\u00e1mite de la infracci\u00f3n.<br \/>\n  \u201cPara evitar todo esto se pueden acercar a la Oficina, sale mucho m\u00e1s barato estar en regla que tenerlos \u2018orejanos*\u2019 como se los tiene\u201d agreg\u00f3 Burgos. *Dicho de una cabeza de ganado, que no tiene marca de propiedad.<br \/>\n  Y Velo reiter\u00f3: \u201cEn el caso de los animales no identificados, que est\u00e1n como NN, que no tienen marca ni se\u00f1al, se tienen que presentar los propietarios con un RENSPA y un certificado de anemia, la Municipalidad les da la posibilidad de hacer el certificado de anemia y, se los entregamos con una tenencia precaria, luego de abonar los gastos administrativos correspondientes\u201d. <\/p>\n<p>Colaboraci\u00f3n y trabajo en equipo<br \/>\n  Para finalizar, Burgos dej\u00f3 en claro que, a pesar de la buena voluntad de todos los intervinientes en los operativos, ellos tienen limitaciones tales como el ingreso a propiedades privadas. Es por esto que piden la colaboraci\u00f3n de la gente para que denuncie la presencia de animales sueltos en la v\u00eda p\u00fablica o en propiedades privadas, y la colaboraci\u00f3n de los propietarios de los terrenos para poder ingresar a los mismos.<br \/>\n \u201cEn conjunto se puede trabajar y obtener buenos resultados, esperamos que entiendan este mensaje, que es por el bien de todos. Tenemos limitaciones y agradecemos a quien quiera colaborar\u201d.<br \/>\n  \u201cEl \u00e9xito del trabajo tiene que ver con la coordinaci\u00f3n de todas las fuerzas: Coordinador de los arrieros, Polic\u00eda Local, Inspecci\u00f3n, Polic\u00eda de la Provincia, SENASA, Sociedad Rural, es muy importante\u201d se\u00f1al\u00f3 Carolina.<\/p>\n<p>Para dudas o consultas: Oficina de Marcas y Gu\u00edas en mitre 1995 de 8 a 13 hs. <\/p>\n","protected":false},"excerpt":{"rendered":"<p>El Diario de San Pedro entrevist\u00f3 a los responsables del operativo para normalizar la situaci\u00f3n de equinos del Partido. El Oficial Inspector Vidal Segundo Jefe de la Polic\u00eda Rural, Carolina Camarasa de la Oficina de Marcas y Gu\u00edas, Jorge Velo Coordinador de Arrieros y, \u00c1ngel Burgos Director de Tr\u00e1nsito y Nocturnidad. Nos informaron sobre el [&hellip;]<\/p>\n","protected":false},"author":4,"featured_media":27536,"comment_status":"open","ping_status":"closed","sticky":false,"template":"","format":"standard","meta":{"om_disable_all_campaigns":false,"_jetpack_memberships_contains_paid_content":false,"footnotes":""},"categories":[50,101,2],"tags":[],"class_list":["post-27535","post","type-post","status-publish","format-standard","has-post-thumbnail","hentry","category-destacadas","category-interes-general-locales","category-locales"],"aioseo_notices":[],"gutentor_comment":0,"jetpack_featured_media_url":"https:\/\/eldiariodesanpedro.com.ar\/sitio\/wp-content\/uploads\/2018\/01\/WhatsApp-Image-2018-01-03-at-12.47.272.jpeg","jetpack_shortlink":"https:\/\/wp.me\/p6RhLt-7a7","jetpack_sharing_enabled":true,"_links":{"self":[{"href":"https:\/\/eldiariodesanpedro.com.ar\/sitio\/wp-json\/wp\/v2\/posts\/27535","targetHints":{"allow":["GET"]}}],"collection":[{"href":"https:\/\/eldiariodesanpedro.com.ar\/sitio\/wp-json\/wp\/v2\/posts"}],"about":[{"href":"https:\/\/eldiariodesanpedro.com.ar\/sitio\/wp-json\/wp\/v2\/types\/post"}],"author":[{"embeddable":true,"href":"https:\/\/eldiariodesanpedro.com.ar\/sitio\/wp-json\/wp\/v2\/users\/4"}],"replies":[{"embeddable":true,"href":"https:\/\/eldiariodesanpedro.com.ar\/sitio\/wp-json\/wp\/v2\/comments?post=27535"}],"version-history":[{"count":1,"href":"https:\/\/eldiariodesanpedro.com.ar\/sitio\/wp-json\/wp\/v2\/posts\/27535\/revisions"}],"predecessor-version":[{"id":27537,"href":"https:\/\/eldiariodesanpedro.com.ar\/sitio\/wp-json\/wp\/v2\/posts\/27535\/revisions\/27537"}],"wp:featuredmedia":[{"embeddable":true,"href":"https:\/\/eldiariodesanpedro.com.ar\/sitio\/wp-json\/wp\/v2\/media\/27536"}],"wp:attachment":[{"href":"https:\/\/eldiariodesanpedro.com.ar\/sitio\/wp-json\/wp\/v2\/media?parent=27535"}],"wp:term":[{"taxonomy":"category","embeddable":true,"href":"https:\/\/eldiariodesanpedro.com.ar\/sitio\/wp-json\/wp\/v2\/categories?post=27535"},{"taxonomy":"post_tag","embeddable":true,"href":"https:\/\/eldiariodesanpedro.com.ar\/sitio\/wp-json\/wp\/v2\/tags?post=27535"}],"curies":[{"name":"wp","href":"https:\/\/api.w.org\/{rel}","templated":true}]}}