{"id":27531,"date":"2018-01-04T12:12:08","date_gmt":"2018-01-04T15:12:08","guid":{"rendered":"https:\/\/eldiariodesanpedro.com.ar\/sitio\/?p=27531"},"modified":"2018-01-04T12:12:08","modified_gmt":"2018-01-04T15:12:08","slug":"fallecio-la-joven-de-19-anos-emilia-martin-por-las-graves-quemaduras","status":"publish","type":"post","link":"https:\/\/eldiariodesanpedro.com.ar\/sitio\/fallecio-la-joven-de-19-anos-emilia-martin-por-las-graves-quemaduras\/","title":{"rendered":"Falleci\u00f3 la joven de 19 a\u00f1os Emilia Mart\u00edn por las graves quemaduras"},"content":{"rendered":"<p><!-- VideographyWP Plugin Message: Automatic video embedding prevented by plugin options. --><br \/>\nEn la ma\u00f1ana de este jueves se conoci\u00f3 la lamentable noticia del fallecimiento de Emilia Mart\u00edn la joven de 19 a\u00f1os de edad que d\u00edas atr\u00e1s sufri\u00f3 grave quemaduras mientras se inicio un incendio en su casa.<\/p>\n<p>El d\u00eda del siniestro se produjo el pasado 26 de diciembre en horas de la noche, donde tanto su madre como ella trataron de combatir el fuego sufriendo graves quemaduras las cuales provocaron el traslado a una cl\u00ednica especial ANTA en la localidad de Ciudadela.<\/p>\n<p>Mariela Torrens la madre de Emilia habia fallecido el pasado martes por la ma\u00f1ana por la gravedad de las heridas estando internada en el mismo centro asistencial.<\/p>\n","protected":false},"excerpt":{"rendered":"<p>En la ma\u00f1ana de este jueves se conoci\u00f3 la lamentable noticia del fallecimiento de Emilia Mart\u00edn la joven de 19 a\u00f1os de edad que d\u00edas atr\u00e1s sufri\u00f3 grave quemaduras mientras se inicio un incendio en su casa. El d\u00eda del siniestro se produjo el pasado 26 de diciembre en horas de la noche, donde tanto [&hellip;]<\/p>\n","protected":false},"author":4,"featured_media":27533,"comment_status":"open","ping_status":"closed","sticky":false,"template":"","format":"standard","meta":{"om_disable_all_campaigns":false,"_jetpack_memberships_contains_paid_content":false,"footnotes":""},"categories":[50,101,2],"tags":[],"class_list":["post-27531","post","type-post","status-publish","format-standard","has-post-thumbnail","hentry","category-destacadas","category-interes-general-locales","category-locales"],"aioseo_notices":[],"gutentor_comment":0,"jetpack_featured_media_url":"https:\/\/eldiariodesanpedro.com.ar\/sitio\/wp-content\/uploads\/2018\/01\/26169180_10213503440558198_3448295464784903067_n-640x445-1.jpg","jetpack_shortlink":"https:\/\/wp.me\/p6RhLt-7a3","jetpack_sharing_enabled":true,"_links":{"self":[{"href":"https:\/\/eldiariodesanpedro.com.ar\/sitio\/wp-json\/wp\/v2\/posts\/27531","targetHints":{"allow":["GET"]}}],"collection":[{"href":"https:\/\/eldiariodesanpedro.com.ar\/sitio\/wp-json\/wp\/v2\/posts"}],"about":[{"href":"https:\/\/eldiariodesanpedro.com.ar\/sitio\/wp-json\/wp\/v2\/types\/post"}],"author":[{"embeddable":true,"href":"https:\/\/eldiariodesanpedro.com.ar\/sitio\/wp-json\/wp\/v2\/users\/4"}],"replies":[{"embeddable":true,"href":"https:\/\/eldiariodesanpedro.com.ar\/sitio\/wp-json\/wp\/v2\/comments?post=27531"}],"version-history":[{"count":1,"href":"https:\/\/eldiariodesanpedro.com.ar\/sitio\/wp-json\/wp\/v2\/posts\/27531\/revisions"}],"predecessor-version":[{"id":27534,"href":"https:\/\/eldiariodesanpedro.com.ar\/sitio\/wp-json\/wp\/v2\/posts\/27531\/revisions\/27534"}],"wp:featuredmedia":[{"embeddable":true,"href":"https:\/\/eldiariodesanpedro.com.ar\/sitio\/wp-json\/wp\/v2\/media\/27533"}],"wp:attachment":[{"href":"https:\/\/eldiariodesanpedro.com.ar\/sitio\/wp-json\/wp\/v2\/media?parent=27531"}],"wp:term":[{"taxonomy":"category","embeddable":true,"href":"https:\/\/eldiariodesanpedro.com.ar\/sitio\/wp-json\/wp\/v2\/categories?post=27531"},{"taxonomy":"post_tag","embeddable":true,"href":"https:\/\/eldiariodesanpedro.com.ar\/sitio\/wp-json\/wp\/v2\/tags?post=27531"}],"curies":[{"name":"wp","href":"https:\/\/api.w.org\/{rel}","templated":true}]}}