{"id":27501,"date":"2018-01-03T20:11:25","date_gmt":"2018-01-03T23:11:25","guid":{"rendered":"https:\/\/eldiariodesanpedro.com.ar\/sitio\/?p=27501"},"modified":"2018-01-03T20:11:25","modified_gmt":"2018-01-03T23:11:25","slug":"un-hombre-se-quito-la-vida-en-la-localidad-de-gobernador-castro","status":"publish","type":"post","link":"https:\/\/eldiariodesanpedro.com.ar\/sitio\/un-hombre-se-quito-la-vida-en-la-localidad-de-gobernador-castro\/","title":{"rendered":"Un hombre se quit\u00f3 la vida en la localidad de Gobernador Castro"},"content":{"rendered":"<p><!-- VideographyWP Plugin Message: Automatic video embedding prevented by plugin options. --><br \/>\n  Este martes alrededor de las 18:00 hs. la polic\u00eda de nuestra ciudad tom\u00f3 conocimiento sobre un hecho que involucraba a un herido de arma de fuego en un domicilio ubicado en calle San Nicol\u00e1s s\/n de Gobernador Castro.<\/p>\n<p>  Tras presentarse en el lugar personal del destacamento de Castro, constat\u00f3 que el ciudadano de 56 a\u00f1os se hallaba con una herida de arma de fuego en el paladar, con hemorragia activa y p\u00e9rdida de masa encef\u00e1lica (informado por m\u00e9dico de Guardia de Hospital 26 de julio de este medio). <\/p>\n<p>  El sujeto se encontraba tendido en el interior del galp\u00f3n usado como dep\u00f3sito de materiales para la construcci\u00f3n, hallado en primer momento por su hermano quien se encontraba en el lugar y, donde tambi\u00e9n estaba junto al cuerpo de su hermano un arma de fuego (rev\u00f3lver calibre 32). Tambi\u00e9n hab\u00eda una carta en la que se desped\u00eda de sus familiares.<\/p>\n<p>  Tras practicar averiguaciones en el lugar, a primeras voces familiares refirieron que el hombre sufr\u00eda de depresi\u00f3n a causa de una enfermedad terminal que padec\u00eda desde hace un a\u00f1o aproximadamente.<\/p>\n<p>  En principio fue trasladado al Hospital de San Pedro con vida y fallece m\u00e1s tarde.<\/p>\n","protected":false},"excerpt":{"rendered":"<p>Este martes alrededor de las 18:00 hs. la polic\u00eda de nuestra ciudad tom\u00f3 conocimiento sobre un hecho que involucraba a un herido de arma de fuego en un domicilio ubicado en calle San Nicol\u00e1s s\/n de Gobernador Castro. Tras presentarse en el lugar personal del destacamento de Castro, constat\u00f3 que el ciudadano de 56 a\u00f1os [&hellip;]<\/p>\n","protected":false},"author":4,"featured_media":11890,"comment_status":"open","ping_status":"closed","sticky":false,"template":"","format":"standard","meta":{"om_disable_all_campaigns":false,"_jetpack_memberships_contains_paid_content":false,"footnotes":""},"categories":[2,103],"tags":[],"class_list":["post-27501","post","type-post","status-publish","format-standard","has-post-thumbnail","hentry","category-locales","category-policiales-locales"],"aioseo_notices":[],"gutentor_comment":0,"jetpack_featured_media_url":"https:\/\/eldiariodesanpedro.com.ar\/sitio\/wp-content\/uploads\/2016\/12\/camioneta-policia.jpg","jetpack_shortlink":"https:\/\/wp.me\/p6RhLt-79z","jetpack_sharing_enabled":true,"_links":{"self":[{"href":"https:\/\/eldiariodesanpedro.com.ar\/sitio\/wp-json\/wp\/v2\/posts\/27501","targetHints":{"allow":["GET"]}}],"collection":[{"href":"https:\/\/eldiariodesanpedro.com.ar\/sitio\/wp-json\/wp\/v2\/posts"}],"about":[{"href":"https:\/\/eldiariodesanpedro.com.ar\/sitio\/wp-json\/wp\/v2\/types\/post"}],"author":[{"embeddable":true,"href":"https:\/\/eldiariodesanpedro.com.ar\/sitio\/wp-json\/wp\/v2\/users\/4"}],"replies":[{"embeddable":true,"href":"https:\/\/eldiariodesanpedro.com.ar\/sitio\/wp-json\/wp\/v2\/comments?post=27501"}],"version-history":[{"count":1,"href":"https:\/\/eldiariodesanpedro.com.ar\/sitio\/wp-json\/wp\/v2\/posts\/27501\/revisions"}],"predecessor-version":[{"id":27503,"href":"https:\/\/eldiariodesanpedro.com.ar\/sitio\/wp-json\/wp\/v2\/posts\/27501\/revisions\/27503"}],"wp:featuredmedia":[{"embeddable":true,"href":"https:\/\/eldiariodesanpedro.com.ar\/sitio\/wp-json\/wp\/v2\/media\/11890"}],"wp:attachment":[{"href":"https:\/\/eldiariodesanpedro.com.ar\/sitio\/wp-json\/wp\/v2\/media?parent=27501"}],"wp:term":[{"taxonomy":"category","embeddable":true,"href":"https:\/\/eldiariodesanpedro.com.ar\/sitio\/wp-json\/wp\/v2\/categories?post=27501"},{"taxonomy":"post_tag","embeddable":true,"href":"https:\/\/eldiariodesanpedro.com.ar\/sitio\/wp-json\/wp\/v2\/tags?post=27501"}],"curies":[{"name":"wp","href":"https:\/\/api.w.org\/{rel}","templated":true}]}}