{"id":27498,"date":"2018-01-03T19:47:10","date_gmt":"2018-01-03T22:47:10","guid":{"rendered":"https:\/\/eldiariodesanpedro.com.ar\/sitio\/?p=27498"},"modified":"2018-01-03T20:39:44","modified_gmt":"2018-01-03T23:39:44","slug":"zarate-puesto-14o-de-las-ciudades-con-mayor-indice-de-mortalidad-por-accidente","status":"publish","type":"post","link":"https:\/\/eldiariodesanpedro.com.ar\/sitio\/zarate-puesto-14o-de-las-ciudades-con-mayor-indice-de-mortalidad-por-accidente\/","title":{"rendered":"Z\u00c1RATE: Puesto 14\u00ba de las ciudades con mayor \u00edndice de mortalidad por accidente"},"content":{"rendered":"<p><!-- VideographyWP Plugin Message: Automatic video embedding prevented by plugin options. --><br \/>\nDe los relevamientos realizados por la ONG Corazones Azules Argentina surge que La Plata es la ciudad del pa\u00eds con mayor \u00edndice de mortalidad por accidentes viales en todo el pa\u00eds, si se tiene en cuenta el n\u00famero de fallecidos respecto de la poblaci\u00f3n total.<\/p>\n<p>  Seg\u00fan Pedro Perrotta, presidente de la entidad, \u201cel a\u00f1o pasado hubo 109 muertos en Capital Federal, sobre tres millones de habitantes, mientras que ac\u00e1, donde somos 650 mil, tuvimos 95\u201d.<\/p>\n<p>  La tasa local equivale a un muerto cada 6.831 habitantes, algo que en Buenos Aires se traduce en uno cada 26 mil.<br \/>\n  La situaci\u00f3n en otros distritos de la Provincia confirma la tendencia. La informaci\u00f3n de la Procuraci\u00f3n bonaerense no deja lugar para las dudas.<\/p>\n<p>  Seg\u00fan las estad\u00edsticas difundidas en los \u00faltimos meses, en 2016 se iniciaron en todo el departamento judicial La Plata 205 causas por homicidios culposos, mientras que en el de Azul fueron 53; en el de Bah\u00eda Blanca 56; en Dolores, 54; en Jun\u00edn, 40; en La Matanza, 66; en Lomas de Zamora 188; en Mar del Plata 68, en Mercedes 87; en General Rodr\u00edguez 32; en Mor\u00f3n, 51, en Necochea, 7; en Pergamino, 13; en Quilmes 114; en San Isidro 71, en San Mart\u00edn, 73; en San Nicol\u00e1s, 50; en Trenque Lauquen 35; y en Z\u00e1rate Campana, 42.<\/p>\n<p>  \u201cPresentamos un proyecto para declarar la emergencia vial en la ciudad, pero se perdi\u00f3 el informe\u201d, lament\u00f3 Perrotta.<\/p>\n<p>Fuente: Z\u00e1rate Alerta<\/p>\n","protected":false},"excerpt":{"rendered":"<p>De los relevamientos realizados por la ONG Corazones Azules Argentina surge que La Plata es la ciudad del pa\u00eds con mayor \u00edndice de mortalidad por accidentes viales en todo el pa\u00eds, si se tiene en cuenta el n\u00famero de fallecidos respecto de la poblaci\u00f3n total. Seg\u00fan Pedro Perrotta, presidente de la entidad, \u201cel a\u00f1o pasado [&hellip;]<\/p>\n","protected":false},"author":4,"featured_media":16926,"comment_status":"open","ping_status":"closed","sticky":false,"template":"","format":"standard","meta":{"om_disable_all_campaigns":false,"_jetpack_memberships_contains_paid_content":false,"footnotes":""},"categories":[621],"tags":[],"class_list":["post-27498","post","type-post","status-publish","format-standard","has-post-thumbnail","hentry","category-regionales"],"aioseo_notices":[],"gutentor_comment":0,"jetpack_featured_media_url":"https:\/\/eldiariodesanpedro.com.ar\/sitio\/wp-content\/uploads\/2017\/04\/El-accidente-ocurrido-en-el-Complejo-Z\u00e1rate-Brazo-Largo.jpg","jetpack_shortlink":"https:\/\/wp.me\/p6RhLt-79w","jetpack_sharing_enabled":true,"_links":{"self":[{"href":"https:\/\/eldiariodesanpedro.com.ar\/sitio\/wp-json\/wp\/v2\/posts\/27498","targetHints":{"allow":["GET"]}}],"collection":[{"href":"https:\/\/eldiariodesanpedro.com.ar\/sitio\/wp-json\/wp\/v2\/posts"}],"about":[{"href":"https:\/\/eldiariodesanpedro.com.ar\/sitio\/wp-json\/wp\/v2\/types\/post"}],"author":[{"embeddable":true,"href":"https:\/\/eldiariodesanpedro.com.ar\/sitio\/wp-json\/wp\/v2\/users\/4"}],"replies":[{"embeddable":true,"href":"https:\/\/eldiariodesanpedro.com.ar\/sitio\/wp-json\/wp\/v2\/comments?post=27498"}],"version-history":[{"count":2,"href":"https:\/\/eldiariodesanpedro.com.ar\/sitio\/wp-json\/wp\/v2\/posts\/27498\/revisions"}],"predecessor-version":[{"id":27517,"href":"https:\/\/eldiariodesanpedro.com.ar\/sitio\/wp-json\/wp\/v2\/posts\/27498\/revisions\/27517"}],"wp:featuredmedia":[{"embeddable":true,"href":"https:\/\/eldiariodesanpedro.com.ar\/sitio\/wp-json\/wp\/v2\/media\/16926"}],"wp:attachment":[{"href":"https:\/\/eldiariodesanpedro.com.ar\/sitio\/wp-json\/wp\/v2\/media?parent=27498"}],"wp:term":[{"taxonomy":"category","embeddable":true,"href":"https:\/\/eldiariodesanpedro.com.ar\/sitio\/wp-json\/wp\/v2\/categories?post=27498"},{"taxonomy":"post_tag","embeddable":true,"href":"https:\/\/eldiariodesanpedro.com.ar\/sitio\/wp-json\/wp\/v2\/tags?post=27498"}],"curies":[{"name":"wp","href":"https:\/\/api.w.org\/{rel}","templated":true}]}}