{"id":2749,"date":"2016-04-07T18:33:17","date_gmt":"2016-04-07T21:33:17","guid":{"rendered":"http:\/\/www.eldiariodesanpedro.com.ar\/?p=2749"},"modified":"2016-04-07T18:33:17","modified_gmt":"2016-04-07T21:33:17","slug":"la-policia-municipal-madrid-rescata-una-familia-patos","status":"publish","type":"post","link":"https:\/\/eldiariodesanpedro.com.ar\/sitio\/la-policia-municipal-madrid-rescata-una-familia-patos\/","title":{"rendered":"La Polic\u00eda Municipal de Madrid rescata a una familia de patos"},"content":{"rendered":"<p><!-- VideographyWP Plugin Message: Automatic video embedding prevented by plugin options. --><br \/>\nLas fuerzas de seguridad de la capital informaron a trav\u00e9s de las redes sociales del rescate de una familia de patos que deambulaban por las calles del barrio de Carabanchel. Tras comprobar que se encontraban en buen estado han sido trasladados a una peque\u00f1a laguna en la Casa de Campo.<br \/>\nMiembros de la Polic\u00eda Municipal de Madrid (UMA) han informado en su cuenta de Twitter de un rescate que seguro que habr\u00eda tenido en vilo a todo el mundo animal. Se trata de una familia de patos que, desorientada, aparici\u00f3 en la calle Monse\u00f1or Oscar Romero, en el c\u00e9ntrico barrio madrile\u00f1o de Carabanchel.<br \/>\nSeg\u00fan se desprende de los recursos fotogr\u00e1ficos aportados por las fuerzas de seguridad, los agentes tuvieron que hacer frente a una familia numerosa de patos, ya que estaba formada por 10 patitos y un adulto, del cu\u00e1l no ha trascendido su sexo.<br \/>\nLa recuperaci\u00f3n de los animales se produjo este lunes, estando en observaci\u00f3n y decidiendo su futuro durante todo el d\u00eda. Finalmente la decisi\u00f3n que se tom\u00f3 fue la de devolverles a su entorno, una operaci\u00f3n que se ha llevado a cabo a primera hora de este martes, solt\u00e1ndoles en una peque\u00f1a laguna de la Casa de Campo. La entra\u00f1able imagen ha sido grabada por la Polic\u00eda que lo ha compartido en las redes sociales.<\/p>\n","protected":false},"excerpt":{"rendered":"<p>Las fuerzas de seguridad de la capital informaron a trav\u00e9s de las redes sociales del rescate de una familia de patos que deambulaban por las calles del barrio de Carabanchel. Tras comprobar que se encontraban en buen estado han sido trasladados a una peque\u00f1a laguna en la Casa de Campo. Miembros de la Polic\u00eda Municipal [&hellip;]<\/p>\n","protected":false},"author":4,"featured_media":2750,"comment_status":"open","ping_status":"closed","sticky":false,"template":"","format":"standard","meta":{"om_disable_all_campaigns":false,"_jetpack_memberships_contains_paid_content":false,"footnotes":""},"categories":[2],"tags":[264,262,261,265,260,263],"class_list":["post-2749","post","type-post","status-publish","format-standard","has-post-thumbnail","hentry","category-locales","tag-familia","tag-madrid","tag-municipal","tag-patos","tag-policia","tag-rescata"],"aioseo_notices":[],"gutentor_comment":0,"jetpack_featured_media_url":"https:\/\/eldiariodesanpedro.com.ar\/sitio\/wp-content\/uploads\/2016\/04\/Polic\u00eda-de-Madrid-rescata-familia-de-patos.jpg","jetpack_shortlink":"https:\/\/wp.me\/p6RhLt-Il","jetpack_sharing_enabled":true,"_links":{"self":[{"href":"https:\/\/eldiariodesanpedro.com.ar\/sitio\/wp-json\/wp\/v2\/posts\/2749","targetHints":{"allow":["GET"]}}],"collection":[{"href":"https:\/\/eldiariodesanpedro.com.ar\/sitio\/wp-json\/wp\/v2\/posts"}],"about":[{"href":"https:\/\/eldiariodesanpedro.com.ar\/sitio\/wp-json\/wp\/v2\/types\/post"}],"author":[{"embeddable":true,"href":"https:\/\/eldiariodesanpedro.com.ar\/sitio\/wp-json\/wp\/v2\/users\/4"}],"replies":[{"embeddable":true,"href":"https:\/\/eldiariodesanpedro.com.ar\/sitio\/wp-json\/wp\/v2\/comments?post=2749"}],"version-history":[{"count":1,"href":"https:\/\/eldiariodesanpedro.com.ar\/sitio\/wp-json\/wp\/v2\/posts\/2749\/revisions"}],"predecessor-version":[{"id":2751,"href":"https:\/\/eldiariodesanpedro.com.ar\/sitio\/wp-json\/wp\/v2\/posts\/2749\/revisions\/2751"}],"wp:featuredmedia":[{"embeddable":true,"href":"https:\/\/eldiariodesanpedro.com.ar\/sitio\/wp-json\/wp\/v2\/media\/2750"}],"wp:attachment":[{"href":"https:\/\/eldiariodesanpedro.com.ar\/sitio\/wp-json\/wp\/v2\/media?parent=2749"}],"wp:term":[{"taxonomy":"category","embeddable":true,"href":"https:\/\/eldiariodesanpedro.com.ar\/sitio\/wp-json\/wp\/v2\/categories?post=2749"},{"taxonomy":"post_tag","embeddable":true,"href":"https:\/\/eldiariodesanpedro.com.ar\/sitio\/wp-json\/wp\/v2\/tags?post=2749"}],"curies":[{"name":"wp","href":"https:\/\/api.w.org\/{rel}","templated":true}]}}