{"id":27480,"date":"2018-01-02T21:22:56","date_gmt":"2018-01-03T00:22:56","guid":{"rendered":"https:\/\/eldiariodesanpedro.com.ar\/sitio\/?p=27480"},"modified":"2018-01-02T21:22:56","modified_gmt":"2018-01-03T00:22:56","slug":"se-publico-el-decreto-no-1342-oficializando-asi-los-cambios-en-el-gabinete-local","status":"publish","type":"post","link":"https:\/\/eldiariodesanpedro.com.ar\/sitio\/se-publico-el-decreto-no-1342-oficializando-asi-los-cambios-en-el-gabinete-local\/","title":{"rendered":"Se public\u00f3 el Decreto N\u00ba 1342 oficializando as\u00ed, los cambios en el Gabinete local"},"content":{"rendered":"<p><!-- VideographyWP Plugin Message: Automatic video embedding prevented by plugin options. --><br \/>\nEste martes por la tarde, a trav\u00e9s de la p\u00e1gina oficial de la Municipalidad se confirmaron los cambios en el gabinete que se hab\u00edan adelantado la semana por el Intendente Cecilio Salazar a trav\u00e9s del Decreto N\u00ba 1342.<\/p>\n<p>  Como en algunos de los casos ya hab\u00eda trascendido, fueron varios las renuncias aceptadas por el Jefe Comunal teniendo en cuenta que se deber\u00eda adecuar al plan de saneamiento econ\u00f3mico solicitado por la Gobernadora Mar\u00eda Eugenia Vidal.<\/p>\n<p>  El decreto comienza con la remoci\u00f3n de Alfredo Camilletti traslad\u00e1ndolo a su antiguo lugar Subsecretaria de Desarrollo Econ\u00f3mico y, colocando en su lugar a Ariel \u00c1lvarez como Secretario de Obras, Planeamiento y Catastro absorbiendo la responsabilidad de Camilletti.<\/p>\n<p>  Otro de los cambios m\u00e1s importantes ocurri\u00f3 en la localidad de Santa Luc\u00eda, donde Abel Burgues dejar\u00eda de ser Delegado Municipal para ser reemplazado por Luis Caramum, lo que produjo malestar en parte de los habitantes de esa localidad, qui\u00e9nes estar\u00edan analizando la posibilidad de realizar una marcha para solicitar la restituci\u00f3n de Burgues.<\/p>\n<p>  En Pueblo Doyle, Carlos Abel Su\u00e1rez, quien ocupaba el cargo de Coordinador y Domingo Mallol, subdelegado de Pueblo Doyle fueron removidos de sus obligaciones.<\/p>\n<p>  Adem\u00e1s, el Intendente tambi\u00e9n decidi\u00f3 aceptar la renuncia de Germ\u00e1n Font quien dejar\u00e1 el cargo de Director de Producci\u00f3n, eliminando esta Direcci\u00f3n.<\/p>\n<p>  En la Secretaria de Desarrollo Humano habr\u00e1 dos bajas, Fernando Negrete dejar\u00e1 de ser Subsecretario de la misma y volver\u00e1 a ocupar el cargo de Director de Comisiones de Fomento. Y, la Directora de Educaci\u00f3n y Capacitaci\u00f3n Mariana Fucci tambi\u00e9n dejar\u00e1 su lugar.<\/p>\n<p>  Otros cambios que se realizar\u00e1n seg\u00fan el Decreto ser\u00e1n en la Secretaria de Salud. All\u00ed, se incorporar\u00e1 Augusto Ramos, dejar\u00e1 de ser Director de Personal del Municipio para ocupar el cargo de Jefe de Personal del nosocomio Emilio Ruffa. Diego Noto dejar\u00eda el cargo de Director Adjunto y, Lidia Ronte abandonar\u00eda la Direcci\u00f3n de Centros de Salud.  <\/p>\n","protected":false},"excerpt":{"rendered":"<p>Este martes por la tarde, a trav\u00e9s de la p\u00e1gina oficial de la Municipalidad se confirmaron los cambios en el gabinete que se hab\u00edan adelantado la semana por el Intendente Cecilio Salazar a trav\u00e9s del Decreto N\u00ba 1342. Como en algunos de los casos ya hab\u00eda trascendido, fueron varios las renuncias aceptadas por el Jefe [&hellip;]<\/p>\n","protected":false},"author":4,"featured_media":27482,"comment_status":"open","ping_status":"closed","sticky":false,"template":"","format":"standard","meta":{"om_disable_all_campaigns":false,"_jetpack_memberships_contains_paid_content":false,"footnotes":""},"categories":[2,102],"tags":[],"class_list":["post-27480","post","type-post","status-publish","format-standard","has-post-thumbnail","hentry","category-locales","category-politica-locales"],"aioseo_notices":[],"gutentor_comment":0,"jetpack_featured_media_url":"https:\/\/eldiariodesanpedro.com.ar\/sitio\/wp-content\/uploads\/2018\/01\/municipalidad-decreto-1342-cambios-en-el-Gabinete-local.jpg","jetpack_shortlink":"https:\/\/wp.me\/p6RhLt-79e","jetpack_sharing_enabled":true,"_links":{"self":[{"href":"https:\/\/eldiariodesanpedro.com.ar\/sitio\/wp-json\/wp\/v2\/posts\/27480","targetHints":{"allow":["GET"]}}],"collection":[{"href":"https:\/\/eldiariodesanpedro.com.ar\/sitio\/wp-json\/wp\/v2\/posts"}],"about":[{"href":"https:\/\/eldiariodesanpedro.com.ar\/sitio\/wp-json\/wp\/v2\/types\/post"}],"author":[{"embeddable":true,"href":"https:\/\/eldiariodesanpedro.com.ar\/sitio\/wp-json\/wp\/v2\/users\/4"}],"replies":[{"embeddable":true,"href":"https:\/\/eldiariodesanpedro.com.ar\/sitio\/wp-json\/wp\/v2\/comments?post=27480"}],"version-history":[{"count":1,"href":"https:\/\/eldiariodesanpedro.com.ar\/sitio\/wp-json\/wp\/v2\/posts\/27480\/revisions"}],"predecessor-version":[{"id":27483,"href":"https:\/\/eldiariodesanpedro.com.ar\/sitio\/wp-json\/wp\/v2\/posts\/27480\/revisions\/27483"}],"wp:featuredmedia":[{"embeddable":true,"href":"https:\/\/eldiariodesanpedro.com.ar\/sitio\/wp-json\/wp\/v2\/media\/27482"}],"wp:attachment":[{"href":"https:\/\/eldiariodesanpedro.com.ar\/sitio\/wp-json\/wp\/v2\/media?parent=27480"}],"wp:term":[{"taxonomy":"category","embeddable":true,"href":"https:\/\/eldiariodesanpedro.com.ar\/sitio\/wp-json\/wp\/v2\/categories?post=27480"},{"taxonomy":"post_tag","embeddable":true,"href":"https:\/\/eldiariodesanpedro.com.ar\/sitio\/wp-json\/wp\/v2\/tags?post=27480"}],"curies":[{"name":"wp","href":"https:\/\/api.w.org\/{rel}","templated":true}]}}