{"id":26663,"date":"2017-12-08T19:40:41","date_gmt":"2017-12-08T22:40:41","guid":{"rendered":"https:\/\/eldiariodesanpedro.com.ar\/sitio\/?p=26663"},"modified":"2026-01-24T00:19:54","modified_gmt":"2026-01-24T03:19:54","slug":"premios-albirojo-parana-hizo-entrega-de-su-22-edicion-de-los-tradicionales-premios-para-sus-deportistas","status":"publish","type":"post","link":"https:\/\/eldiariodesanpedro.com.ar\/sitio\/premios-albirojo-parana-hizo-entrega-de-su-22-edicion-de-los-tradicionales-premios-para-sus-deportistas\/","title":{"rendered":"PREMIOS ALBIROJO: Paran\u00e1 hizo entrega de su 22\u00b0 edici\u00f3n de los tradicionales premios para sus deportistas"},"content":{"rendered":"<p><!-- VideographyWP Plugin Message: Automatic video embedding prevented by plugin options. --><br \/>\nAnte una excelente concurrencia, en la noche del jueves en el camping del Club, Paran\u00e1 FC hizo entrega de su distinci\u00f3n anual a los deportistas del club que cerca de los 600 desfilaron por el escenario. <\/p>\n<p>  La fiesta comenz\u00f3 con las palabras de su presidente Jorge Schallibaum, quien agradeci\u00f3 a los presentes por la confianza que depositan  en el Club para la pr\u00e1ctica de un deporte de sus hijos. Inst\u00f3 a seguir sumando a\u00f1o a a\u00f1o m\u00e1s deportistas y colaboradores para seguir siendo el \u201cm\u00e1s grande\u201d.<\/p>\n<p>  Luego fue tiempo de las premiaciones y ante el paso de las delegaciones de cada disciplina se hizo entrega del \u201cAlbirojo\u201d a cada una de ellas recibiendo Tob\u00edas Bonvissuto por f\u00fatbol mayor y Nicol\u00e1s Rold\u00e1n por Infanto Juvenil, mientras que Juan Andr\u00e9s Est\u00e9vez obtuvo el premio en infantiles. En Escuela de F\u00fatbol para Tom\u00e1s Dotti, Leandro Franzoia en B\u00e1squet formativas y competitivas, Joel M\u00e1rquez en primera divisi\u00f3n y maxi. Por Pat\u00edn gan\u00f3 Violeta Nouet y en Hockey Cecilia Gonz\u00e1lez. Hern\u00e1n Galante lo hizo en Taek Won do. En f\u00fatbol intermedio fue para la categor\u00eda 2002 (cuarta divisi\u00f3n). Tambi\u00e9n hubo reconocimiento para los profesores y colaboradores.<\/p>\n<p>   F\u00fatbol Intermedio con su categor\u00eda 2002, Bicampeona durante 2017, recibi\u00f3 el premio \u201cAlbirojo\u201d mayor de Paran\u00e1 F\u00fatbol Club.  <\/p>\n<p><strong>Todos lo ganadores del premio mayor<\/strong><br \/>\n1996. Luis Fern\u00e1ndez<br \/>\n1997. Eduardo Lamas<br \/>\n1998. Nicol\u00e1s Su\u00e1rez<br \/>\n1999. Jorge Mantovani- Paola Antonelli<br \/>\n2000. Plantel de Primera divisi\u00f3n de f\u00fatbol<br \/>\n2001. V\u00edctor Gomila-Gabriel Guereta<br \/>\n2002. Franco Ansaloni<br \/>\n2003. Mario Prado<br \/>\n2004. Ezequiel Rold\u00e1n<br \/>\n2005. Pablo Brambilla<br \/>\n2006. Eduardo Lama<br \/>\n2007. Subcomisi\u00f3n de F\u00fatbol Intermedia<br \/>\n2008. Mat\u00edas Nouet<br \/>\n2009. Nicol\u00e1s Barcel\u00f3-Gustavo Birador<br \/>\n2010. Silvio Jaime.<br \/>\n2011. Brian Burini<br \/>\n2012. Silvio Jaime<br \/>\n2013. Agust\u00edn Castro<br \/>\n2014. Ignacio Garavaglia<br \/>\n2015. Emanuel \u00c1lvarez<br \/>\n2016. Sof\u00eda Baca<br \/>\n2017: Cat. 2002, f\u00fatbol<\/p>\n","protected":false},"excerpt":{"rendered":"<p>Ante una excelente concurrencia, en la noche del jueves en el camping del Club, Paran\u00e1 FC hizo entrega de su distinci\u00f3n anual a los deportistas del club que cerca de los 600 desfilaron por el escenario. La fiesta comenz\u00f3 con las palabras de su presidente Jorge Schallibaum, quien agradeci\u00f3 a los presentes por la confianza [&hellip;]<\/p>\n","protected":false},"author":4,"featured_media":26664,"comment_status":"open","ping_status":"closed","sticky":false,"template":"","format":"standard","meta":{"om_disable_all_campaigns":false,"_jetpack_memberships_contains_paid_content":false,"footnotes":""},"categories":[5],"tags":[],"class_list":["post-26663","post","type-post","status-publish","format-standard","has-post-thumbnail","hentry","category-deportes"],"aioseo_notices":[],"gutentor_comment":0,"jetpack_featured_media_url":"https:\/\/eldiariodesanpedro.com.ar\/sitio\/wp-content\/uploads\/2017\/12\/Los-chicos-campeones-tambi\u00e9n-festejan-el-premio-mayor.jpg","jetpack_shortlink":"https:\/\/wp.me\/p6RhLt-6W3","jetpack_sharing_enabled":true,"_links":{"self":[{"href":"https:\/\/eldiariodesanpedro.com.ar\/sitio\/wp-json\/wp\/v2\/posts\/26663","targetHints":{"allow":["GET"]}}],"collection":[{"href":"https:\/\/eldiariodesanpedro.com.ar\/sitio\/wp-json\/wp\/v2\/posts"}],"about":[{"href":"https:\/\/eldiariodesanpedro.com.ar\/sitio\/wp-json\/wp\/v2\/types\/post"}],"author":[{"embeddable":true,"href":"https:\/\/eldiariodesanpedro.com.ar\/sitio\/wp-json\/wp\/v2\/users\/4"}],"replies":[{"embeddable":true,"href":"https:\/\/eldiariodesanpedro.com.ar\/sitio\/wp-json\/wp\/v2\/comments?post=26663"}],"version-history":[{"count":1,"href":"https:\/\/eldiariodesanpedro.com.ar\/sitio\/wp-json\/wp\/v2\/posts\/26663\/revisions"}],"predecessor-version":[{"id":26665,"href":"https:\/\/eldiariodesanpedro.com.ar\/sitio\/wp-json\/wp\/v2\/posts\/26663\/revisions\/26665"}],"wp:featuredmedia":[{"embeddable":true,"href":"https:\/\/eldiariodesanpedro.com.ar\/sitio\/wp-json\/wp\/v2\/media\/26664"}],"wp:attachment":[{"href":"https:\/\/eldiariodesanpedro.com.ar\/sitio\/wp-json\/wp\/v2\/media?parent=26663"}],"wp:term":[{"taxonomy":"category","embeddable":true,"href":"https:\/\/eldiariodesanpedro.com.ar\/sitio\/wp-json\/wp\/v2\/categories?post=26663"},{"taxonomy":"post_tag","embeddable":true,"href":"https:\/\/eldiariodesanpedro.com.ar\/sitio\/wp-json\/wp\/v2\/tags?post=26663"}],"curies":[{"name":"wp","href":"https:\/\/api.w.org\/{rel}","templated":true}]}}