{"id":26658,"date":"2017-12-07T20:50:29","date_gmt":"2017-12-07T23:50:29","guid":{"rendered":"https:\/\/eldiariodesanpedro.com.ar\/sitio\/?p=26658"},"modified":"2026-01-24T00:19:54","modified_gmt":"2026-01-24T03:19:54","slug":"karate-el-dojo-del-club-mitre-cerro-el-ano-con-entrega-de-diplomas","status":"publish","type":"post","link":"https:\/\/eldiariodesanpedro.com.ar\/sitio\/karate-el-dojo-del-club-mitre-cerro-el-ano-con-entrega-de-diplomas\/","title":{"rendered":"KARATE: El dojo del Club Mitre cerr\u00f3 el a\u00f1o con entrega de diplomas"},"content":{"rendered":"<p><!-- VideographyWP Plugin Message: Automatic video embedding prevented by plugin options. --><br \/>\nEn la confiter\u00eda del Club, el dojo Mitre entreg\u00f3 reconocimientos a los deportistas que practican karate en una emotiva ceremonia. Cada uno de ellos recibi\u00f3 un diploma. Rein\u00f3 una gran camarader\u00eda y ya se piensa en la temporada 2018.<\/p>\n","protected":false},"excerpt":{"rendered":"<p>En la confiter\u00eda del Club, el dojo Mitre entreg\u00f3 reconocimientos a los deportistas que practican karate en una emotiva ceremonia. Cada uno de ellos recibi\u00f3 un diploma. Rein\u00f3 una gran camarader\u00eda y ya se piensa en la temporada 2018.<\/p>\n","protected":false},"author":4,"featured_media":26659,"comment_status":"open","ping_status":"closed","sticky":false,"template":"","format":"standard","meta":{"om_disable_all_campaigns":false,"_jetpack_memberships_contains_paid_content":false,"footnotes":""},"categories":[5],"tags":[],"class_list":["post-26658","post","type-post","status-publish","format-standard","has-post-thumbnail","hentry","category-deportes"],"aioseo_notices":[],"gutentor_comment":0,"jetpack_featured_media_url":"https:\/\/eldiariodesanpedro.com.ar\/sitio\/wp-content\/uploads\/2017\/12\/Deportistas-y-profesores-en-el-cierre-de-a\u00f1o-deportivo-.jpg","jetpack_shortlink":"https:\/\/wp.me\/p6RhLt-6VY","jetpack_sharing_enabled":true,"_links":{"self":[{"href":"https:\/\/eldiariodesanpedro.com.ar\/sitio\/wp-json\/wp\/v2\/posts\/26658","targetHints":{"allow":["GET"]}}],"collection":[{"href":"https:\/\/eldiariodesanpedro.com.ar\/sitio\/wp-json\/wp\/v2\/posts"}],"about":[{"href":"https:\/\/eldiariodesanpedro.com.ar\/sitio\/wp-json\/wp\/v2\/types\/post"}],"author":[{"embeddable":true,"href":"https:\/\/eldiariodesanpedro.com.ar\/sitio\/wp-json\/wp\/v2\/users\/4"}],"replies":[{"embeddable":true,"href":"https:\/\/eldiariodesanpedro.com.ar\/sitio\/wp-json\/wp\/v2\/comments?post=26658"}],"version-history":[{"count":1,"href":"https:\/\/eldiariodesanpedro.com.ar\/sitio\/wp-json\/wp\/v2\/posts\/26658\/revisions"}],"predecessor-version":[{"id":26660,"href":"https:\/\/eldiariodesanpedro.com.ar\/sitio\/wp-json\/wp\/v2\/posts\/26658\/revisions\/26660"}],"wp:featuredmedia":[{"embeddable":true,"href":"https:\/\/eldiariodesanpedro.com.ar\/sitio\/wp-json\/wp\/v2\/media\/26659"}],"wp:attachment":[{"href":"https:\/\/eldiariodesanpedro.com.ar\/sitio\/wp-json\/wp\/v2\/media?parent=26658"}],"wp:term":[{"taxonomy":"category","embeddable":true,"href":"https:\/\/eldiariodesanpedro.com.ar\/sitio\/wp-json\/wp\/v2\/categories?post=26658"},{"taxonomy":"post_tag","embeddable":true,"href":"https:\/\/eldiariodesanpedro.com.ar\/sitio\/wp-json\/wp\/v2\/tags?post=26658"}],"curies":[{"name":"wp","href":"https:\/\/api.w.org\/{rel}","templated":true}]}}