{"id":26654,"date":"2017-12-07T20:45:22","date_gmt":"2017-12-07T23:45:22","guid":{"rendered":"https:\/\/eldiariodesanpedro.com.ar\/sitio\/?p=26654"},"modified":"2026-01-24T00:19:54","modified_gmt":"2026-01-24T03:19:54","slug":"silvio-velo-los-murcielagos-campeones","status":"publish","type":"post","link":"https:\/\/eldiariodesanpedro.com.ar\/sitio\/silvio-velo-los-murcielagos-campeones\/","title":{"rendered":"SILVIO VELO: \u00a1Los Murci\u00e9lagos campeones!"},"content":{"rendered":"<p><!-- VideographyWP Plugin Message: Automatic video embedding prevented by plugin options. --><br \/>\n  La Copa Am\u00e9rica tiene un nuevo due\u00f1o: Argentina. El equipo conducido por Mart\u00edn Demonte festej\u00f3 a lo grande en Santiago de Chile y se qued\u00f3 con el trofeo luego de vencer a Brasil en los penales. Tras igualar sin tantos en el tiempo reglamentario, en el que los Murci\u00e9lagos fueron superiores y tuvieron las ocasiones m\u00e1s claras, la final se defini\u00f3 por penales.<\/p>\n<p>  Brasil comenz\u00f3 la serie con Mendes, que estrell\u00f3 su remate en el palo. Lo sigui\u00f3 V\u00e9liz, que ejecut\u00f3 al medio y su remate fue rechazado por el arquero. En el tercer penal, Marquinhos la tir\u00f3 afuera y entonces lleg\u00f3 el turno de Silvio Velo. El capit\u00e1n apunt\u00f3 al medio del arco y abri\u00f3 la cuenta. Ricardinho, pese a la presi\u00f3n, la colg\u00f3 en un \u00e1ngulo y todo qued\u00f3 en el pie de Espinillo. El jugador de Uniredes no fall\u00f3: violento disparo que super\u00f3 la estirada del arquero y a festejar.<\/p>\n<p>  As\u00ed, los Murci\u00e9lagos, que adem\u00e1s lograron el pasaje al Mundial de Espa\u00f1a 2018, celebraron el t\u00edtulo a lo grande y de manera invicta. En el debut, Argentina super\u00f3 a M\u00e9xico por 3-0. Luego, igual\u00f3 1-1 con Colombia, y venci\u00f3 a Per\u00fa por 8-0. En la cuarta jornada, gole\u00f3 a Per\u00fa por 8-0 para luego empatar sin goles con Brasil. En la \u00faltima fecha de la fase de grupos, los Murci\u00e9lagos derrotaron por 5-0 a Chile.<\/p>\n<p>  El plantel de los Murci\u00e9lagos: Dar\u00edo Lencina y Germ\u00e1n Muleck (arqueros); Silvio Velo, Lucas Rodr\u00edguez, Nicol\u00e1s V\u00e9liz, Froil\u00e1n Padilla, Federico Accardi, Maximiliano Espinillo, \u00c1ngel Deldo y David Peralta. Completan la delegaci\u00f3n los entrenadores Mart\u00edn Demonte, Claudio Falco y Germ\u00e1n M\u00e1rquez; m\u00e1s el asistente t\u00e9cnico Agust\u00edn Rojas y el Doctor Manuel Crespo.<\/p>\n","protected":false},"excerpt":{"rendered":"<p>La Copa Am\u00e9rica tiene un nuevo due\u00f1o: Argentina. El equipo conducido por Mart\u00edn Demonte festej\u00f3 a lo grande en Santiago de Chile y se qued\u00f3 con el trofeo luego de vencer a Brasil en los penales. Tras igualar sin tantos en el tiempo reglamentario, en el que los Murci\u00e9lagos fueron superiores y tuvieron las ocasiones [&hellip;]<\/p>\n","protected":false},"author":4,"featured_media":26655,"comment_status":"open","ping_status":"closed","sticky":false,"template":"","format":"standard","meta":{"om_disable_all_campaigns":false,"_jetpack_memberships_contains_paid_content":false,"footnotes":""},"categories":[5],"tags":[],"class_list":["post-26654","post","type-post","status-publish","format-standard","has-post-thumbnail","hentry","category-deportes"],"aioseo_notices":[],"gutentor_comment":0,"jetpack_featured_media_url":"https:\/\/eldiariodesanpedro.com.ar\/sitio\/wp-content\/uploads\/2017\/12\/Los-Murci\u00e9lagos-siguen-haciendo-historia.jpg","jetpack_shortlink":"https:\/\/wp.me\/p6RhLt-6VU","jetpack_sharing_enabled":true,"_links":{"self":[{"href":"https:\/\/eldiariodesanpedro.com.ar\/sitio\/wp-json\/wp\/v2\/posts\/26654","targetHints":{"allow":["GET"]}}],"collection":[{"href":"https:\/\/eldiariodesanpedro.com.ar\/sitio\/wp-json\/wp\/v2\/posts"}],"about":[{"href":"https:\/\/eldiariodesanpedro.com.ar\/sitio\/wp-json\/wp\/v2\/types\/post"}],"author":[{"embeddable":true,"href":"https:\/\/eldiariodesanpedro.com.ar\/sitio\/wp-json\/wp\/v2\/users\/4"}],"replies":[{"embeddable":true,"href":"https:\/\/eldiariodesanpedro.com.ar\/sitio\/wp-json\/wp\/v2\/comments?post=26654"}],"version-history":[{"count":1,"href":"https:\/\/eldiariodesanpedro.com.ar\/sitio\/wp-json\/wp\/v2\/posts\/26654\/revisions"}],"predecessor-version":[{"id":26657,"href":"https:\/\/eldiariodesanpedro.com.ar\/sitio\/wp-json\/wp\/v2\/posts\/26654\/revisions\/26657"}],"wp:featuredmedia":[{"embeddable":true,"href":"https:\/\/eldiariodesanpedro.com.ar\/sitio\/wp-json\/wp\/v2\/media\/26655"}],"wp:attachment":[{"href":"https:\/\/eldiariodesanpedro.com.ar\/sitio\/wp-json\/wp\/v2\/media?parent=26654"}],"wp:term":[{"taxonomy":"category","embeddable":true,"href":"https:\/\/eldiariodesanpedro.com.ar\/sitio\/wp-json\/wp\/v2\/categories?post=26654"},{"taxonomy":"post_tag","embeddable":true,"href":"https:\/\/eldiariodesanpedro.com.ar\/sitio\/wp-json\/wp\/v2\/tags?post=26654"}],"curies":[{"name":"wp","href":"https:\/\/api.w.org\/{rel}","templated":true}]}}