{"id":26651,"date":"2017-12-07T20:44:21","date_gmt":"2017-12-07T23:44:21","guid":{"rendered":"https:\/\/eldiariodesanpedro.com.ar\/sitio\/?p=26651"},"modified":"2026-01-24T00:19:55","modified_gmt":"2026-01-24T03:19:55","slug":"boxeo-manana-dos-festivales-en-san-pedro","status":"publish","type":"post","link":"https:\/\/eldiariodesanpedro.com.ar\/sitio\/boxeo-manana-dos-festivales-en-san-pedro\/","title":{"rendered":"BOXEO: Ma\u00f1ana, dos festivales en San Pedro"},"content":{"rendered":"<p><!-- VideographyWP Plugin Message: Automatic video embedding prevented by plugin options. --><br \/>\n  Para los amantes de los deportes de contacto ser\u00e1 un viernes para disfrutar. Desde las 21:30 horas tendr\u00e1n para elegir. <\/p>\n<p>  En el Gimnasio Municipal (Belgrano y Casella) un nuevo festival de boxeo se anuncia con el combate de fondo profesional y cinco peleas entre aficionados de nuestra ciudad, Baradero y Campana. Para la pelea central el sampedrino Jonathan Gandulfo (0-1-0) enfrentar\u00e1 a Ariel Salas (3-10-1) dentro de la categor\u00eda Ligero. En las preliminares estar\u00e1n: El\u00edas Godoy, Tob\u00edas Calvera, Jonathan Quintana, Laureano Oviedo y Emiliano Borda. <\/p>\n<p>  En el gimnasio de Independencia FC desde las 21:00 horas podr\u00e1n ver Boxeo, Kickboxing, Muay Thai y MMA, donde se anuncia un choque internacional.<\/p>\n","protected":false},"excerpt":{"rendered":"<p>Para los amantes de los deportes de contacto ser\u00e1 un viernes para disfrutar. Desde las 21:30 horas tendr\u00e1n para elegir. En el Gimnasio Municipal (Belgrano y Casella) un nuevo festival de boxeo se anuncia con el combate de fondo profesional y cinco peleas entre aficionados de nuestra ciudad, Baradero y Campana. Para la pelea central [&hellip;]<\/p>\n","protected":false},"author":4,"featured_media":5515,"comment_status":"open","ping_status":"closed","sticky":false,"template":"","format":"standard","meta":{"om_disable_all_campaigns":false,"_jetpack_memberships_contains_paid_content":false,"footnotes":""},"categories":[5],"tags":[],"class_list":["post-26651","post","type-post","status-publish","format-standard","has-post-thumbnail","hentry","category-deportes"],"aioseo_notices":[],"gutentor_comment":0,"jetpack_featured_media_url":"https:\/\/eldiariodesanpedro.com.ar\/sitio\/wp-content\/uploads\/2016\/06\/boxeo.jpg","jetpack_shortlink":"https:\/\/wp.me\/p6RhLt-6VR","jetpack_sharing_enabled":true,"_links":{"self":[{"href":"https:\/\/eldiariodesanpedro.com.ar\/sitio\/wp-json\/wp\/v2\/posts\/26651","targetHints":{"allow":["GET"]}}],"collection":[{"href":"https:\/\/eldiariodesanpedro.com.ar\/sitio\/wp-json\/wp\/v2\/posts"}],"about":[{"href":"https:\/\/eldiariodesanpedro.com.ar\/sitio\/wp-json\/wp\/v2\/types\/post"}],"author":[{"embeddable":true,"href":"https:\/\/eldiariodesanpedro.com.ar\/sitio\/wp-json\/wp\/v2\/users\/4"}],"replies":[{"embeddable":true,"href":"https:\/\/eldiariodesanpedro.com.ar\/sitio\/wp-json\/wp\/v2\/comments?post=26651"}],"version-history":[{"count":2,"href":"https:\/\/eldiariodesanpedro.com.ar\/sitio\/wp-json\/wp\/v2\/posts\/26651\/revisions"}],"predecessor-version":[{"id":26656,"href":"https:\/\/eldiariodesanpedro.com.ar\/sitio\/wp-json\/wp\/v2\/posts\/26651\/revisions\/26656"}],"wp:featuredmedia":[{"embeddable":true,"href":"https:\/\/eldiariodesanpedro.com.ar\/sitio\/wp-json\/wp\/v2\/media\/5515"}],"wp:attachment":[{"href":"https:\/\/eldiariodesanpedro.com.ar\/sitio\/wp-json\/wp\/v2\/media?parent=26651"}],"wp:term":[{"taxonomy":"category","embeddable":true,"href":"https:\/\/eldiariodesanpedro.com.ar\/sitio\/wp-json\/wp\/v2\/categories?post=26651"},{"taxonomy":"post_tag","embeddable":true,"href":"https:\/\/eldiariodesanpedro.com.ar\/sitio\/wp-json\/wp\/v2\/tags?post=26651"}],"curies":[{"name":"wp","href":"https:\/\/api.w.org\/{rel}","templated":true}]}}