{"id":26649,"date":"2017-12-07T20:41:45","date_gmt":"2017-12-07T23:41:45","guid":{"rendered":"https:\/\/eldiariodesanpedro.com.ar\/sitio\/?p=26649"},"modified":"2026-01-24T00:19:55","modified_gmt":"2026-01-24T03:19:55","slug":"atletismo-cristian-gonzalez-participo-de-la-1ra-edicion-del-ironman-de-mar-del-plata","status":"publish","type":"post","link":"https:\/\/eldiariodesanpedro.com.ar\/sitio\/atletismo-cristian-gonzalez-participo-de-la-1ra-edicion-del-ironman-de-mar-del-plata\/","title":{"rendered":"ATLETISMO: Cristian Gonz\u00e1lez particip\u00f3 de la 1ra edici\u00f3n del Ironman de Mar del Plata"},"content":{"rendered":"<p><!-- VideographyWP Plugin Message: Automatic video embedding prevented by plugin options. --><br \/>\n  Cristian Gonz\u00e1lez particip\u00f3 de la 1\u00b0 edici\u00f3n del Ironman de Mar del Plata. Con los ojos vidriosos, tan feliz como exhausto, cruz\u00f3 la meta pasadas las 19 hs. <\/p>\n<p>  Nuestro triatleta complet\u00f3 los 3,8km de nataci\u00f3n, los 180km de ciclismo y los 42km de running en 12h 48m 22s para quedar en el 704\u00ba lugar de la clasificaci\u00f3n general y 137\u00b0 en la categor\u00eda de 35-39 a\u00f1os. <\/p>\n<p>  Visiblemente emocionado, Cristian ha demostrado a lo largo del a\u00f1o por qu\u00e9 es el triatleta local m\u00e1s destacado, teniendo en cuenta que en el mes de mayo particip\u00f3 del Ironman de Florian\u00f3polis. Sus registros fueron de 1h 26m 32s en nataci\u00f3n, 6h 46m 46s sobre la bicicleta y 4h 18m 57s en el marat\u00f3n de 42k. <\/p>\n<p>  Las transiciones fueron de 9m 11s y 6m 58s. Los ganadores de la competencia fueron los estadounidenses Matt Charabot (8h 19m 57s) en varones y Sarah Piampiano (9h 11m 3s) en damas. Oscar Gal\u00edndez fue el mejor argentino ubicado marcando un registro de 8h 39m 10s para llegar 7\u00b0 en la general.<\/p>\n","protected":false},"excerpt":{"rendered":"<p>Cristian Gonz\u00e1lez particip\u00f3 de la 1\u00b0 edici\u00f3n del Ironman de Mar del Plata. Con los ojos vidriosos, tan feliz como exhausto, cruz\u00f3 la meta pasadas las 19 hs. Nuestro triatleta complet\u00f3 los 3,8km de nataci\u00f3n, los 180km de ciclismo y los 42km de running en 12h 48m 22s para quedar en el 704\u00ba lugar de [&hellip;]<\/p>\n","protected":false},"author":4,"featured_media":26650,"comment_status":"open","ping_status":"closed","sticky":false,"template":"","format":"standard","meta":{"om_disable_all_campaigns":false,"_jetpack_memberships_contains_paid_content":false,"footnotes":""},"categories":[5],"tags":[],"class_list":["post-26649","post","type-post","status-publish","format-standard","has-post-thumbnail","hentry","category-deportes"],"aioseo_notices":[],"gutentor_comment":0,"jetpack_featured_media_url":"https:\/\/eldiariodesanpedro.com.ar\/sitio\/wp-content\/uploads\/2017\/12\/Cristian-Gonz\u00e1lez-en-pruebas-cada-vez-m\u00e1s-exigentes.jpg","jetpack_shortlink":"https:\/\/wp.me\/p6RhLt-6VP","jetpack_sharing_enabled":true,"_links":{"self":[{"href":"https:\/\/eldiariodesanpedro.com.ar\/sitio\/wp-json\/wp\/v2\/posts\/26649","targetHints":{"allow":["GET"]}}],"collection":[{"href":"https:\/\/eldiariodesanpedro.com.ar\/sitio\/wp-json\/wp\/v2\/posts"}],"about":[{"href":"https:\/\/eldiariodesanpedro.com.ar\/sitio\/wp-json\/wp\/v2\/types\/post"}],"author":[{"embeddable":true,"href":"https:\/\/eldiariodesanpedro.com.ar\/sitio\/wp-json\/wp\/v2\/users\/4"}],"replies":[{"embeddable":true,"href":"https:\/\/eldiariodesanpedro.com.ar\/sitio\/wp-json\/wp\/v2\/comments?post=26649"}],"version-history":[{"count":1,"href":"https:\/\/eldiariodesanpedro.com.ar\/sitio\/wp-json\/wp\/v2\/posts\/26649\/revisions"}],"predecessor-version":[{"id":26653,"href":"https:\/\/eldiariodesanpedro.com.ar\/sitio\/wp-json\/wp\/v2\/posts\/26649\/revisions\/26653"}],"wp:featuredmedia":[{"embeddable":true,"href":"https:\/\/eldiariodesanpedro.com.ar\/sitio\/wp-json\/wp\/v2\/media\/26650"}],"wp:attachment":[{"href":"https:\/\/eldiariodesanpedro.com.ar\/sitio\/wp-json\/wp\/v2\/media?parent=26649"}],"wp:term":[{"taxonomy":"category","embeddable":true,"href":"https:\/\/eldiariodesanpedro.com.ar\/sitio\/wp-json\/wp\/v2\/categories?post=26649"},{"taxonomy":"post_tag","embeddable":true,"href":"https:\/\/eldiariodesanpedro.com.ar\/sitio\/wp-json\/wp\/v2\/tags?post=26649"}],"curies":[{"name":"wp","href":"https:\/\/api.w.org\/{rel}","templated":true}]}}