{"id":26645,"date":"2017-12-07T20:36:37","date_gmt":"2017-12-07T23:36:37","guid":{"rendered":"https:\/\/eldiariodesanpedro.com.ar\/sitio\/?p=26645"},"modified":"2017-12-07T20:36:37","modified_gmt":"2017-12-07T23:36:37","slug":"san-antonio-de-areco-se-aprobo-en-el-concejo-deliberante-el-presupuesto-2018","status":"publish","type":"post","link":"https:\/\/eldiariodesanpedro.com.ar\/sitio\/san-antonio-de-areco-se-aprobo-en-el-concejo-deliberante-el-presupuesto-2018\/","title":{"rendered":"SAN ANTONIO DE ARECO: Se aprob\u00f3 en el Concejo Deliberante el Presupuesto 2018"},"content":{"rendered":"<p><!-- VideographyWP Plugin Message: Automatic video embedding prevented by plugin options. --><br \/>\n  En la noche del lunes y con el voto del oficialismo y el acompa\u00f1amiento del bloque 1Pa\u00eds, el Concejo Deliberante aprob\u00f3 el presupuesto 2018. El c\u00e1lculo de recursos para el a\u00f1o pr\u00f3ximo llega a un total de casi $730 millones y el Municipio destinar\u00e1 casi $70 millones al sistema educativo municipal y $137 millones a la inversi\u00f3n en salud.<\/p>\n<p>  Adem\u00e1s, durante la misma jornada, pero en sesi\u00f3n extraordinaria, el Concejo aprob\u00f3 por unanimidad un convenio con la empresa Bor Com S.A. para la construcci\u00f3n de una estaci\u00f3n de bombeo que permitir\u00e1 extender la red cloacal al Barrio Amespil.<\/p>\n<p>  Por otro lado, el deliberativo tambi\u00e9n aprob\u00f3 la creaci\u00f3n del sistema municipal de gesti\u00f3n de riesgo, un paso m\u00e1s en la preparaci\u00f3n y prevenci\u00f3n ante inundaciones. <\/p>\n<p>Fuente: Bosco Producciones (http:\/\/www.boscoproducciones.com.ar)<\/p>\n","protected":false},"excerpt":{"rendered":"<p>En la noche del lunes y con el voto del oficialismo y el acompa\u00f1amiento del bloque 1Pa\u00eds, el Concejo Deliberante aprob\u00f3 el presupuesto 2018. El c\u00e1lculo de recursos para el a\u00f1o pr\u00f3ximo llega a un total de casi $730 millones y el Municipio destinar\u00e1 casi $70 millones al sistema educativo municipal y $137 millones a [&hellip;]<\/p>\n","protected":false},"author":4,"featured_media":26647,"comment_status":"open","ping_status":"closed","sticky":false,"template":"","format":"standard","meta":{"om_disable_all_campaigns":false,"_jetpack_memberships_contains_paid_content":false,"footnotes":""},"categories":[621],"tags":[],"class_list":["post-26645","post","type-post","status-publish","format-standard","has-post-thumbnail","hentry","category-regionales"],"aioseo_notices":[],"gutentor_comment":0,"jetpack_featured_media_url":"https:\/\/eldiariodesanpedro.com.ar\/sitio\/wp-content\/uploads\/2017\/12\/san-antonio-de-areco-concejo-deliberante.jpg","jetpack_shortlink":"https:\/\/wp.me\/p6RhLt-6VL","jetpack_sharing_enabled":true,"_links":{"self":[{"href":"https:\/\/eldiariodesanpedro.com.ar\/sitio\/wp-json\/wp\/v2\/posts\/26645","targetHints":{"allow":["GET"]}}],"collection":[{"href":"https:\/\/eldiariodesanpedro.com.ar\/sitio\/wp-json\/wp\/v2\/posts"}],"about":[{"href":"https:\/\/eldiariodesanpedro.com.ar\/sitio\/wp-json\/wp\/v2\/types\/post"}],"author":[{"embeddable":true,"href":"https:\/\/eldiariodesanpedro.com.ar\/sitio\/wp-json\/wp\/v2\/users\/4"}],"replies":[{"embeddable":true,"href":"https:\/\/eldiariodesanpedro.com.ar\/sitio\/wp-json\/wp\/v2\/comments?post=26645"}],"version-history":[{"count":1,"href":"https:\/\/eldiariodesanpedro.com.ar\/sitio\/wp-json\/wp\/v2\/posts\/26645\/revisions"}],"predecessor-version":[{"id":26648,"href":"https:\/\/eldiariodesanpedro.com.ar\/sitio\/wp-json\/wp\/v2\/posts\/26645\/revisions\/26648"}],"wp:featuredmedia":[{"embeddable":true,"href":"https:\/\/eldiariodesanpedro.com.ar\/sitio\/wp-json\/wp\/v2\/media\/26647"}],"wp:attachment":[{"href":"https:\/\/eldiariodesanpedro.com.ar\/sitio\/wp-json\/wp\/v2\/media?parent=26645"}],"wp:term":[{"taxonomy":"category","embeddable":true,"href":"https:\/\/eldiariodesanpedro.com.ar\/sitio\/wp-json\/wp\/v2\/categories?post=26645"},{"taxonomy":"post_tag","embeddable":true,"href":"https:\/\/eldiariodesanpedro.com.ar\/sitio\/wp-json\/wp\/v2\/tags?post=26645"}],"curies":[{"name":"wp","href":"https:\/\/api.w.org\/{rel}","templated":true}]}}