{"id":26642,"date":"2017-12-07T20:34:35","date_gmt":"2017-12-07T23:34:35","guid":{"rendered":"https:\/\/eldiariodesanpedro.com.ar\/sitio\/?p=26642"},"modified":"2017-12-07T20:34:35","modified_gmt":"2017-12-07T23:34:35","slug":"arrecifes-fiscal-del-mega-operativo-antidrogas-habia-gente-con-detenciones-anteriores","status":"publish","type":"post","link":"https:\/\/eldiariodesanpedro.com.ar\/sitio\/arrecifes-fiscal-del-mega-operativo-antidrogas-habia-gente-con-detenciones-anteriores\/","title":{"rendered":"ARRECIFES: Fiscal del mega-operativo antidrogas: \u201cHab\u00eda gente con detenciones anteriores\u201d"},"content":{"rendered":"<p><!-- VideographyWP Plugin Message: Automatic video embedding prevented by plugin options. --><br \/>\n  La Dra. Ver\u00f3nica Marcantonio, Titular de la UFI 1 de San Nicol\u00e1s, habl\u00f3 en Radio Uno (107.1) sobre el mega-operativo antidrogas realizado el pasado viernes en Arrecifes y en Capit\u00e1n Sarmiento, que la tuvo a la cabeza.<\/p>\n<p>  La Fiscal inform\u00f3 que fueron 16 los allanamientos simult\u00e1neos, \u201ca dos de ellos los ped\u00ed de urgencia y fueron otorgados por el Juez de Garant\u00edas, porque por datos que logramos recoger necesit\u00e1bamos hacerlo en ese momento\u201d.<\/p>\n<p>  Tambi\u00e9n confirm\u00f3 que los detenidos fueron nueve, ocho capturados en los allanamientos y uno que ya estaba alojado en una Unidad Penal en Jun\u00edn.<\/p>\n<p>  \u201cEntre Arrecifes y Capit\u00e1n Sarmiento tuvimos que cubrir 16 domicilios allanados, por lo que hubo 16 funcionarios judiciales trabajando, uno en cada lugar\u201d, detall\u00f3 Marcantonio. \u201cPor eso quiero agradecer a todos los funcionarios que concurrieron a los allanamientos, ya que con los de la UFI 1 solamente no nos alcanzaba; tambi\u00e9n a todas las fuerzas policiales de la Provincia que intervinieron\u201d, a\u00f1adi\u00f3.<\/p>\n<p>  \u201cDe las nueve capturas que realizamos hubo siete detenciones y dos aprehensiones, pero a esas dos la Jueza de Garant\u00edas ya las convirti\u00f3 en detenciones\u201d, sigui\u00f3 contando la Fiscal.<\/p>\n<p>  Adem\u00e1s, se refiri\u00f3 a las versiones acerca de que habr\u00eda un efectivo policial involucrado: \u201cEs as\u00ed, pero entendemos que no forma parte de la organizaci\u00f3n. Fue por una denuncia an\u00f3nima indicando que esta persona podr\u00eda estar comercializando estupefacientes, por eso realizamos un allanamiento en su vivienda y secuestramos dos plantas de marihuana y un tel\u00e9fono celular. Hasta ahora no est\u00e1 acreditado que no sea para uso personal, pero investigaremos su accionar a trav\u00e9s del an\u00e1lisis de llamadas y mensajes de su celular. No ped\u00ed su detenci\u00f3n\u201d.<\/p>\n<p>  En algunos de los casos se suman causas anteriores para que no tengan ning\u00fan beneficio m\u00e1s, ya que tienen detenciones anteriores por el mismo delito y estaban libres. Son los casos de Marcelo Iv\u00e1n Capandegui de Arrecifes y Marcos D\u00e1vilas, de Capit\u00e1n Sarmiento.<\/p>\n<p>Fuente: Arrecifes Noticias (http:\/\/arrecifesnoticias.com)<\/p>\n","protected":false},"excerpt":{"rendered":"<p>La Dra. Ver\u00f3nica Marcantonio, Titular de la UFI 1 de San Nicol\u00e1s, habl\u00f3 en Radio Uno (107.1) sobre el mega-operativo antidrogas realizado el pasado viernes en Arrecifes y en Capit\u00e1n Sarmiento, que la tuvo a la cabeza. La Fiscal inform\u00f3 que fueron 16 los allanamientos simult\u00e1neos, \u201ca dos de ellos los ped\u00ed de urgencia y [&hellip;]<\/p>\n","protected":false},"author":4,"featured_media":26644,"comment_status":"open","ping_status":"closed","sticky":false,"template":"","format":"standard","meta":{"om_disable_all_campaigns":false,"_jetpack_memberships_contains_paid_content":false,"footnotes":""},"categories":[621],"tags":[],"class_list":["post-26642","post","type-post","status-publish","format-standard","has-post-thumbnail","hentry","category-regionales"],"aioseo_notices":[],"gutentor_comment":0,"jetpack_featured_media_url":"https:\/\/eldiariodesanpedro.com.ar\/sitio\/wp-content\/uploads\/2017\/12\/Dra.-Ver\u00f3nica-Marcantonio-Titular-de-la-UFI-1-de-San-Nicol\u00e1s-.jpg","jetpack_shortlink":"https:\/\/wp.me\/p6RhLt-6VI","jetpack_sharing_enabled":true,"_links":{"self":[{"href":"https:\/\/eldiariodesanpedro.com.ar\/sitio\/wp-json\/wp\/v2\/posts\/26642","targetHints":{"allow":["GET"]}}],"collection":[{"href":"https:\/\/eldiariodesanpedro.com.ar\/sitio\/wp-json\/wp\/v2\/posts"}],"about":[{"href":"https:\/\/eldiariodesanpedro.com.ar\/sitio\/wp-json\/wp\/v2\/types\/post"}],"author":[{"embeddable":true,"href":"https:\/\/eldiariodesanpedro.com.ar\/sitio\/wp-json\/wp\/v2\/users\/4"}],"replies":[{"embeddable":true,"href":"https:\/\/eldiariodesanpedro.com.ar\/sitio\/wp-json\/wp\/v2\/comments?post=26642"}],"version-history":[{"count":1,"href":"https:\/\/eldiariodesanpedro.com.ar\/sitio\/wp-json\/wp\/v2\/posts\/26642\/revisions"}],"predecessor-version":[{"id":26646,"href":"https:\/\/eldiariodesanpedro.com.ar\/sitio\/wp-json\/wp\/v2\/posts\/26642\/revisions\/26646"}],"wp:featuredmedia":[{"embeddable":true,"href":"https:\/\/eldiariodesanpedro.com.ar\/sitio\/wp-json\/wp\/v2\/media\/26644"}],"wp:attachment":[{"href":"https:\/\/eldiariodesanpedro.com.ar\/sitio\/wp-json\/wp\/v2\/media?parent=26642"}],"wp:term":[{"taxonomy":"category","embeddable":true,"href":"https:\/\/eldiariodesanpedro.com.ar\/sitio\/wp-json\/wp\/v2\/categories?post=26642"},{"taxonomy":"post_tag","embeddable":true,"href":"https:\/\/eldiariodesanpedro.com.ar\/sitio\/wp-json\/wp\/v2\/tags?post=26642"}],"curies":[{"name":"wp","href":"https:\/\/api.w.org\/{rel}","templated":true}]}}