{"id":26639,"date":"2017-12-07T20:32:58","date_gmt":"2017-12-07T23:32:58","guid":{"rendered":"https:\/\/eldiariodesanpedro.com.ar\/sitio\/?p=26639"},"modified":"2017-12-07T20:32:58","modified_gmt":"2017-12-07T23:32:58","slug":"san-nicolas-el-falso-medico-fue-trasladado-a-una-unidad-penal","status":"publish","type":"post","link":"https:\/\/eldiariodesanpedro.com.ar\/sitio\/san-nicolas-el-falso-medico-fue-trasladado-a-una-unidad-penal\/","title":{"rendered":"SAN NICOL\u00c1S: El falso m\u00e9dico fue trasladado a una Unidad Penal"},"content":{"rendered":"<p><!-- VideographyWP Plugin Message: Automatic video embedding prevented by plugin options. --><br \/>\n  La Jueza de Garant\u00edas N\u00ba 3 Dra. Mar\u00eda Eugenia Maiztegui dispuso hoy el traslado de Guillermo Chauder\u00f3n a la Unidad Penal N\u00b0 34 de La Plata.<\/p>\n<p>  De esa forma Chauder\u00f3n dej\u00f3 la Unidad de Terapia Intensiva del Sanatorio de la UOM, donde ya hab\u00edan pedido varias veces que se lo trasladara.<\/p>\n<p>  Chauder\u00f3n se encuentra alojado en la c\u00e1rcel del \u201cMelchor Romero\u201d, un centro de reclusi\u00f3n preparado para atender pacientes psiqui\u00e1tricos, dependiente del Servicio Penitenciario Bonaerense.<\/p>\n<p>  Ya el martes a la tarde, el Fiscal que entiende en la causa, Dr. Julio Tan\u00fas le tom\u00f3 declaraci\u00f3n a Chauder\u00f3n en car\u00e1cter de imputado (ya que se hab\u00eda ordenado su detenci\u00f3n), pero el mismo se neg\u00f3 a hacerlo siendo asistido por su abogado el Dr. Jorge Lima.<\/p>\n<p>  El letrado present\u00f3 un certificado del psiquiatra de parte del Dr. G\u00f3mez, solicitando que sea trasladado a un neuropsiqui\u00e1trico por el estr\u00e9s postraum\u00e1tico que padece, luego de haber atentado contra su vida.<\/p>\n<p>  La causa que tiene a su cargo la Jueza Maiztegui est\u00e1 caratulada como \u201cejercicio ilegal de la medicina, falsificaci\u00f3n y uso de documento p\u00fablico, un homicidio por dolo eventual y usurpaci\u00f3n de t\u00edtulo\u201d. <\/p>\n<p>(http:\/\/www.diarioelnorte.com.ar)<\/p>\n","protected":false},"excerpt":{"rendered":"<p>La Jueza de Garant\u00edas N\u00ba 3 Dra. Mar\u00eda Eugenia Maiztegui dispuso hoy el traslado de Guillermo Chauder\u00f3n a la Unidad Penal N\u00b0 34 de La Plata. De esa forma Chauder\u00f3n dej\u00f3 la Unidad de Terapia Intensiva del Sanatorio de la UOM, donde ya hab\u00edan pedido varias veces que se lo trasladara. Chauder\u00f3n se encuentra alojado [&hellip;]<\/p>\n","protected":false},"author":4,"featured_media":26641,"comment_status":"open","ping_status":"closed","sticky":false,"template":"","format":"standard","meta":{"om_disable_all_campaigns":false,"_jetpack_memberships_contains_paid_content":false,"footnotes":""},"categories":[621],"tags":[],"class_list":["post-26639","post","type-post","status-publish","format-standard","has-post-thumbnail","hentry","category-regionales"],"aioseo_notices":[],"gutentor_comment":0,"jetpack_featured_media_url":"https:\/\/eldiariodesanpedro.com.ar\/sitio\/wp-content\/uploads\/2017\/12\/centro-detencion-melchor-romero.jpg","jetpack_shortlink":"https:\/\/wp.me\/p6RhLt-6VF","jetpack_sharing_enabled":true,"_links":{"self":[{"href":"https:\/\/eldiariodesanpedro.com.ar\/sitio\/wp-json\/wp\/v2\/posts\/26639","targetHints":{"allow":["GET"]}}],"collection":[{"href":"https:\/\/eldiariodesanpedro.com.ar\/sitio\/wp-json\/wp\/v2\/posts"}],"about":[{"href":"https:\/\/eldiariodesanpedro.com.ar\/sitio\/wp-json\/wp\/v2\/types\/post"}],"author":[{"embeddable":true,"href":"https:\/\/eldiariodesanpedro.com.ar\/sitio\/wp-json\/wp\/v2\/users\/4"}],"replies":[{"embeddable":true,"href":"https:\/\/eldiariodesanpedro.com.ar\/sitio\/wp-json\/wp\/v2\/comments?post=26639"}],"version-history":[{"count":1,"href":"https:\/\/eldiariodesanpedro.com.ar\/sitio\/wp-json\/wp\/v2\/posts\/26639\/revisions"}],"predecessor-version":[{"id":26643,"href":"https:\/\/eldiariodesanpedro.com.ar\/sitio\/wp-json\/wp\/v2\/posts\/26639\/revisions\/26643"}],"wp:featuredmedia":[{"embeddable":true,"href":"https:\/\/eldiariodesanpedro.com.ar\/sitio\/wp-json\/wp\/v2\/media\/26641"}],"wp:attachment":[{"href":"https:\/\/eldiariodesanpedro.com.ar\/sitio\/wp-json\/wp\/v2\/media?parent=26639"}],"wp:term":[{"taxonomy":"category","embeddable":true,"href":"https:\/\/eldiariodesanpedro.com.ar\/sitio\/wp-json\/wp\/v2\/categories?post=26639"},{"taxonomy":"post_tag","embeddable":true,"href":"https:\/\/eldiariodesanpedro.com.ar\/sitio\/wp-json\/wp\/v2\/tags?post=26639"}],"curies":[{"name":"wp","href":"https:\/\/api.w.org\/{rel}","templated":true}]}}