{"id":26637,"date":"2017-12-07T20:30:17","date_gmt":"2017-12-07T23:30:17","guid":{"rendered":"https:\/\/eldiariodesanpedro.com.ar\/sitio\/?p=26637"},"modified":"2017-12-07T20:30:17","modified_gmt":"2017-12-07T23:30:17","slug":"baradero-cuentas-en-rojo-asi-cierra-el-ano-el-municipio","status":"publish","type":"post","link":"https:\/\/eldiariodesanpedro.com.ar\/sitio\/baradero-cuentas-en-rojo-asi-cierra-el-ano-el-municipio\/","title":{"rendered":"BARADERO: Cuentas en rojo, as\u00ed cierra el a\u00f1o el Municipio"},"content":{"rendered":"<p><!-- VideographyWP Plugin Message: Automatic video embedding prevented by plugin options. --><br \/>\nLa gesti\u00f3n anterior utiliz\u00f3 dinero de obras para pagar salario. La plata se debe devolver en 24 meses y el plazo vence en este diciembre. Adem\u00e1s, llega el pago del aguinaldo. Sobre estos temas habl\u00f3 la Intendente Antonijevic. Tambi\u00e9n, de las obras iniciadas, la falta de asfalto y del 10% de aumento para los municipales.<\/p>\n<p>  Tramo final de este 2017, \u00faltimo mes del a\u00f1o y a casi dos a\u00f1os de asumir los destinos de Baradero, el gobierno de la Intendente Fernanda Antonijevic cerrar\u00e1 las cuentas municipales en rojo. As\u00ed lo indic\u00f3 la propia Jefa Comunal quien, al realizar un balance de lo que deja este a\u00f1o en curso, prioriz\u00f3 las obras.<\/p>\n<p>  \u201cEstamos contentos por lo realizado en este a\u00f1o, son muchas obras logradas para la ciudad y en diciembre van a estar casi concluidas. Son obras muy importantes para Baradero y hasta las podemos mencionar como obras hist\u00f3ricas\u201d, dijo Antonijevic y las mencion\u00f3: la costa, la calle Anchorena, la Universidad, el nuevo edificio del Jard\u00edn 905, el final de obra del Jard\u00edn 908 en el Barrio Bernab\u00e9, la sala de monitoreo, el Registro Civil. \u201cEstamos conformes con los resultados de lo hecho\u201d, se\u00f1al\u00f3.<\/p>\n<p><strong>Las obras y el pavimento<\/strong><br \/>\n  Tambi\u00e9n se refiri\u00f3 a las obras de pavimentaci\u00f3n que est\u00e1n paralizadas como calle Santa Mar\u00eda de Oro (s\u00f3lo se hizo una cuadra lindera al Polideportivo Municipal) y Malabia que corresponden al proyecto integral del Barrio Bernab\u00e9; y, por otro lado, la repavimentaci\u00f3n del Boulevard Ren\u00e9 Sim\u00f3n. \u201cPara todas las obras de asfalto estamos esperando que las empresas vengan con la materia prima. Lo que nos plantean es que no tienen material asf\u00e1ltico y eso genera el problema en ambas obras\u201d, expres\u00f3 y remarc\u00f3 que \u201cesto no significa que las obras se dejar\u00e1n de hacer, la base en las calles est\u00e1 lista, en Malabia siguen con la construcci\u00f3n del cord\u00f3n cuneta. Pero hubo un problema con el asfalto porque hubo un r\u00e9cord hist\u00f3rico en la provisi\u00f3n y est\u00e1 en falta la materia prima que se necesita para el asfalto\u201d.<\/p>\n<p>  La Intendente subray\u00f3: \u201cLas obras de pavimentaci\u00f3n se van a continuar, que surjan contratiempos o dificultadas no significa que van a dejarse de lado, todo lo contrario, van a seguir\u201d.<\/p>\n<p><strong>Las cuentas en rojo<\/strong><br \/>\n  A la hora de hablar de las arcas comunales y cierre del ejercicio 2017 manifest\u00f3: \u201cVamos a estar complicados. Hay una ayuda prometida que aparentemente no llegar\u00e1, pero la vamos a seguir peleando. Cuando nosotros asumimos, en el Municipio hab\u00eda varios millones de pesos, cerca de 22 millones que eran partidas afectadas que el gobierno anterior las us\u00f3 para pagar salarios. Ese dinero hay que devolverlo dentro de los 24 meses, que vencen ahora. Por lo tanto, vamos a tener un cierre de a\u00f1o muy apretado y vamos a ver c\u00f3mo lo superamos\u201d.<\/p>\n<p>  A esa deuda que deben subsanar se suma que en diciembre adem\u00e1s de los salarios, tienen que pagar el medio aguinaldo. \u201cEsperamos llegar a cumplir con los trabajadores, para diciembre del a\u00f1o pasado pagamos salario y aguinaldo, pero no ten\u00edamos esta complejidad de ahora\u201d.<\/p>\n<p>  La Intendente solicit\u00f3 que los vecinos \u201cse pongan al d\u00eda con las tasas municipales\u201d y pidi\u00f3 que eval\u00faen que \u201cm\u00e1s all\u00e1 de las diferencias pol\u00edticas que puedan existir, los servicios que presta el Municipio se fueron mejorando\u201d.<\/p>\n<p><strong>Municipales y el 10%<\/strong><br \/>\n  En la ordenanza preparatoria para aumentar los impuestos un 25% tambi\u00e9n se indica: \u201cconsiderando, adem\u00e1s, un incremento salarial del 10% para las paritarias del a\u00f1o 2018\u201d.<\/p>\n<p>  En cuanto a esta pretensi\u00f3n de suba salarial, Antonijevic explic\u00f3 que \u201cla propuesta no la puedo dar a conocer ahora, pero no ser\u00e1 un porcentaje fijo sino variable de acuerdo a los \u00edndices de inflaci\u00f3n\u201d.<\/p>\n<p>  La Intendente record\u00f3 que \u201ceste a\u00f1o lograron un buen aumento salarial, que nos trae dificultades econ\u00f3micas, que las tenemos que resolver entre todos. De nada sirve pensar en decir que s\u00ed a los gremios si despu\u00e9s no tenemos la correlatividad econ\u00f3mica de pagar salarios con dinero de la propia recaudaci\u00f3n, porque a su vez tenemos que cumplir con la prestaci\u00f3n de servicios para los vecinos\u201d.<\/p>\n<p>  El aumento para los municipales a\u00fan no comenz\u00f3 porque el a\u00f1o paritario es de abril a abril.<\/p>\n<p>Publicado por La Autentica Opini\u00f3n (Edici\u00f3n del viernes 01\/12\/17)<\/p>\n","protected":false},"excerpt":{"rendered":"<p>La gesti\u00f3n anterior utiliz\u00f3 dinero de obras para pagar salario. La plata se debe devolver en 24 meses y el plazo vence en este diciembre. Adem\u00e1s, llega el pago del aguinaldo. Sobre estos temas habl\u00f3 la Intendente Antonijevic. Tambi\u00e9n, de las obras iniciadas, la falta de asfalto y del 10% de aumento para los municipales. [&hellip;]<\/p>\n","protected":false},"author":4,"featured_media":14040,"comment_status":"open","ping_status":"closed","sticky":false,"template":"","format":"standard","meta":{"om_disable_all_campaigns":false,"_jetpack_memberships_contains_paid_content":false,"footnotes":""},"categories":[621],"tags":[],"class_list":["post-26637","post","type-post","status-publish","format-standard","has-post-thumbnail","hentry","category-regionales"],"aioseo_notices":[],"gutentor_comment":0,"jetpack_featured_media_url":"https:\/\/eldiariodesanpedro.com.ar\/sitio\/wp-content\/uploads\/2017\/02\/ernanda-Antonijevic-intendenta-de-Baradero.jpg","jetpack_shortlink":"https:\/\/wp.me\/p6RhLt-6VD","jetpack_sharing_enabled":true,"_links":{"self":[{"href":"https:\/\/eldiariodesanpedro.com.ar\/sitio\/wp-json\/wp\/v2\/posts\/26637","targetHints":{"allow":["GET"]}}],"collection":[{"href":"https:\/\/eldiariodesanpedro.com.ar\/sitio\/wp-json\/wp\/v2\/posts"}],"about":[{"href":"https:\/\/eldiariodesanpedro.com.ar\/sitio\/wp-json\/wp\/v2\/types\/post"}],"author":[{"embeddable":true,"href":"https:\/\/eldiariodesanpedro.com.ar\/sitio\/wp-json\/wp\/v2\/users\/4"}],"replies":[{"embeddable":true,"href":"https:\/\/eldiariodesanpedro.com.ar\/sitio\/wp-json\/wp\/v2\/comments?post=26637"}],"version-history":[{"count":1,"href":"https:\/\/eldiariodesanpedro.com.ar\/sitio\/wp-json\/wp\/v2\/posts\/26637\/revisions"}],"predecessor-version":[{"id":26640,"href":"https:\/\/eldiariodesanpedro.com.ar\/sitio\/wp-json\/wp\/v2\/posts\/26637\/revisions\/26640"}],"wp:featuredmedia":[{"embeddable":true,"href":"https:\/\/eldiariodesanpedro.com.ar\/sitio\/wp-json\/wp\/v2\/media\/14040"}],"wp:attachment":[{"href":"https:\/\/eldiariodesanpedro.com.ar\/sitio\/wp-json\/wp\/v2\/media?parent=26637"}],"wp:term":[{"taxonomy":"category","embeddable":true,"href":"https:\/\/eldiariodesanpedro.com.ar\/sitio\/wp-json\/wp\/v2\/categories?post=26637"},{"taxonomy":"post_tag","embeddable":true,"href":"https:\/\/eldiariodesanpedro.com.ar\/sitio\/wp-json\/wp\/v2\/tags?post=26637"}],"curies":[{"name":"wp","href":"https:\/\/api.w.org\/{rel}","templated":true}]}}