{"id":26634,"date":"2017-12-07T20:27:59","date_gmt":"2017-12-07T23:27:59","guid":{"rendered":"https:\/\/eldiariodesanpedro.com.ar\/sitio\/?p=26634"},"modified":"2017-12-07T20:27:59","modified_gmt":"2017-12-07T23:27:59","slug":"la-biblioteca-de-anses-cumplio-25-anos-de-servicio-a-la-comunidad","status":"publish","type":"post","link":"https:\/\/eldiariodesanpedro.com.ar\/sitio\/la-biblioteca-de-anses-cumplio-25-anos-de-servicio-a-la-comunidad\/","title":{"rendered":"La biblioteca de ANSES cumpli\u00f3 25 a\u00f1os de servicio a la comunidad"},"content":{"rendered":"<p><!-- VideographyWP Plugin Message: Automatic video embedding prevented by plugin options. --><br \/>\n  Asesora a instituciones educativas, investigadores, profesionales, estudiantes, organismos p\u00fablicos, empresas privadas y a los ciudadanos en general. M\u00e1s de 35 mil personas la visitan anualmente para obtener informaci\u00f3n de la Seguridad Social en la Argentina y el mundo.<\/p>\n<p>  Con invitados especiales de bibliotecas de todo el pa\u00eds y autoridades de la ANSES, se realiz\u00f3 hoy el cierre de la celebraci\u00f3n del 25\u00b0 aniversario de la creaci\u00f3n de la biblioteca Dr. Ricardo R. Moles perteneciente al organismo previsional.<\/p>\n<p>  La jornada cont\u00f3 con la participaci\u00f3n del Director General de Relaciones Institucionales y con la Comunidad de la ANSES, Patricio Piffano, y de la Knowledge Management Assistant (Asistente de Gesti\u00f3n del Conocimiento) del Centro de informaci\u00f3n de las Naciones Unidas (UNIC Buenos Aires), Natalia Montagna, quien disert\u00f3 sobre Objetivos de Desarrollo Sostenible: una agenda para transformar el mundo. <\/p>\n<p>  Al comenzar el encuentro, Piffano explic\u00f3 que \u201cesta celebraci\u00f3n es un reconocimiento al desarrollo institucional que logr\u00f3 la biblioteca en estos a\u00f1os, que anualmente es visitada por 35 mil personas. A futuro apuntamos a seguir avanzando en la digitalizaci\u00f3n de la informaci\u00f3n, porque la ANSES recibe consultas de todas partes del pa\u00eds y del mundo. Queremos una biblioteca moderna y abierta y para lograrlo trabajamos en equipo con las diferentes \u00e1reas del organismo\u201d.<\/p>\n<p>  Por su parte, Montagna destac\u00f3 que \u201centre los objetivos de la ONU est\u00e1n la educaci\u00f3n y la difusi\u00f3n de la informaci\u00f3n, como lo hace la biblioteca de la ANSES, porque hay que garantizar el alcance y la libertad de acceso a la informaci\u00f3n a todos los ciudadanos\u201d. Adem\u00e1s, hizo un repaso sobre la Agenda 2030 que es la \u201ccolumna vertebral de la ONU\u201d, entr\u00f3 en vigencia en enero de 2016, con 17 objetivos y 169 metas, acordados entre los estados miembros que trabajan en solidaridad y apuntan a mejoras econ\u00f3micas, sociales y ecol\u00f3gicas en el mundo. En la Argentina, el Consejo Nacional de Coordinaci\u00f3n de Pol\u00edticas Sociales es el encargado de la implementaci\u00f3n de esta agenda. <\/p>\n<p>  Estuvieron presentes tambi\u00e9n la Coordinadora de Biblioteca, Silvia Albornoz, y la supervisora Mar\u00eda Eugenia Naiaretti, quienes dieron detalles de sus tareas y presentaron la revista del 25\u00b0 Aniversario.<\/p>\n<p>  La celebraci\u00f3n comenz\u00f3 el lunes pasado con un taller de lectura para adultos mayores residentes del Hogar Eva Per\u00f3n, continu\u00f3 el martes con la presentaci\u00f3n del libro Desde el patio de la nona, de Alejandro Su\u00e1rez, y sigui\u00f3 el mi\u00e9rcoles con una charla sobre Seguridad Social brindada por Sergio Fiscella. <\/p>\n<p><strong>M\u00e1s datos y un poco de historia<\/strong><br \/>\n  Ubicada en el barrio porte\u00f1o de San Telmo, la biblioteca abri\u00f3 sus puertas en el a\u00f1o 1992 para los empleados y en 1998 para el p\u00fablico en general, brindando informaci\u00f3n y asesoramiento sobre la Seguridad Social en la Argentina y en otros pa\u00edses. <\/p>\n<p>  Cuenta con m\u00e1s de 10 mil vol\u00famenes, entre ellos, las colecciones de las excajas de Previsi\u00f3n Social y dem\u00e1s organismos de previsi\u00f3n; 16.000 registros de legislaci\u00f3n nacional y provincial, 146 registros de t\u00edtulos de publicaciones peri\u00f3dicas, casi 4000 registros de jurisprudencia de tribunales nacionales y provinciales y 1700 registros de doctrina. Adem\u00e1s, tiene un cat\u00e1logo de 550 obras de ficci\u00f3n. Actualmente, es miembro coordinador de la Red de Bibliotecas de Derecho y Ciencias Jur\u00eddicas, que nuclea a m\u00e1s de 300 bibliotecas del pa\u00eds.<\/p>\n<p>  Quienes est\u00e9n interesados en contactarse con la biblioteca pueden acercarse a Balcarce 610, 2\u00ba piso, de lunes a viernes de 9.30 a 17.30, o bien, llamando al (011) 4015-6019\/37\/38\/39,58,87 o enviando un mail a areabiblioteca@anses.gob.ar. <\/p>\n<p>  En el sitio de ANSES tambi\u00e9n hay un espacio destinado a encontrar informaci\u00f3n sobre sus servicios, cat\u00e1logo de libros, entre otros materiales disponibles: www.anses.gob.ar, secci\u00f3n Institucional, opci\u00f3n Biblioteca. <\/p>\n","protected":false},"excerpt":{"rendered":"<p>Asesora a instituciones educativas, investigadores, profesionales, estudiantes, organismos p\u00fablicos, empresas privadas y a los ciudadanos en general. M\u00e1s de 35 mil personas la visitan anualmente para obtener informaci\u00f3n de la Seguridad Social en la Argentina y el mundo. Con invitados especiales de bibliotecas de todo el pa\u00eds y autoridades de la ANSES, se realiz\u00f3 hoy [&hellip;]<\/p>\n","protected":false},"author":4,"featured_media":26636,"comment_status":"open","ping_status":"closed","sticky":false,"template":"","format":"standard","meta":{"om_disable_all_campaigns":false,"_jetpack_memberships_contains_paid_content":false,"footnotes":""},"categories":[101,2],"tags":[],"class_list":["post-26634","post","type-post","status-publish","format-standard","has-post-thumbnail","hentry","category-interes-general-locales","category-locales"],"aioseo_notices":[],"gutentor_comment":0,"jetpack_featured_media_url":"https:\/\/eldiariodesanpedro.com.ar\/sitio\/wp-content\/uploads\/2017\/12\/biblioteca.jpg","jetpack_shortlink":"https:\/\/wp.me\/p6RhLt-6VA","jetpack_sharing_enabled":true,"_links":{"self":[{"href":"https:\/\/eldiariodesanpedro.com.ar\/sitio\/wp-json\/wp\/v2\/posts\/26634","targetHints":{"allow":["GET"]}}],"collection":[{"href":"https:\/\/eldiariodesanpedro.com.ar\/sitio\/wp-json\/wp\/v2\/posts"}],"about":[{"href":"https:\/\/eldiariodesanpedro.com.ar\/sitio\/wp-json\/wp\/v2\/types\/post"}],"author":[{"embeddable":true,"href":"https:\/\/eldiariodesanpedro.com.ar\/sitio\/wp-json\/wp\/v2\/users\/4"}],"replies":[{"embeddable":true,"href":"https:\/\/eldiariodesanpedro.com.ar\/sitio\/wp-json\/wp\/v2\/comments?post=26634"}],"version-history":[{"count":1,"href":"https:\/\/eldiariodesanpedro.com.ar\/sitio\/wp-json\/wp\/v2\/posts\/26634\/revisions"}],"predecessor-version":[{"id":26638,"href":"https:\/\/eldiariodesanpedro.com.ar\/sitio\/wp-json\/wp\/v2\/posts\/26634\/revisions\/26638"}],"wp:featuredmedia":[{"embeddable":true,"href":"https:\/\/eldiariodesanpedro.com.ar\/sitio\/wp-json\/wp\/v2\/media\/26636"}],"wp:attachment":[{"href":"https:\/\/eldiariodesanpedro.com.ar\/sitio\/wp-json\/wp\/v2\/media?parent=26634"}],"wp:term":[{"taxonomy":"category","embeddable":true,"href":"https:\/\/eldiariodesanpedro.com.ar\/sitio\/wp-json\/wp\/v2\/categories?post=26634"},{"taxonomy":"post_tag","embeddable":true,"href":"https:\/\/eldiariodesanpedro.com.ar\/sitio\/wp-json\/wp\/v2\/tags?post=26634"}],"curies":[{"name":"wp","href":"https:\/\/api.w.org\/{rel}","templated":true}]}}