{"id":26632,"date":"2017-12-07T20:26:05","date_gmt":"2017-12-07T23:26:05","guid":{"rendered":"https:\/\/eldiariodesanpedro.com.ar\/sitio\/?p=26632"},"modified":"2017-12-07T20:26:05","modified_gmt":"2017-12-07T23:26:05","slug":"se-desarrollo-el-censo-agrario-2018","status":"publish","type":"post","link":"https:\/\/eldiariodesanpedro.com.ar\/sitio\/se-desarrollo-el-censo-agrario-2018\/","title":{"rendered":"Se desarroll\u00f3 el Censo Agrario 2018"},"content":{"rendered":"<p><!-- VideographyWP Plugin Message: Automatic video embedding prevented by plugin options. --><br \/>\nDurante la \u00faltima quincena de noviembre se realizaron experiencias piloto de las que participaron numerosos directores del INDEC, Ministerio de Agroindustria, Direcci\u00f3n de Estad\u00edstica Provincial y profesionales locales que estuvieron afectados a la prueba de INTA y la Municipalidad de San Pedro. <\/p>\n<p>  El pasado viernes 1 de diciembre se realiz\u00f3 un operativo donde confluyeron profesionales en terreno y quienes est\u00e1n en la tarea estrat\u00e9gica y estad\u00edstica desde las oficinas centrales, contando con la presencia del Ing. Agr. Rodrigo Bunge y del Lic. Eduardo Guardini por el Ministerio de Agroindustria y por el INDEC la Lic. Carolina Plat, el Lic. Pedro Lines, el Ing. Agr. Eduardo Pirozzi, el Lic. Javier Winokur, la Lic. Martina \u00c1balos, la Lic. Cristina Klimsza, la Lic. Delia Keller, la Lic. Lorena \u00c1vila, el Ing. Agr.Carlos A. Rossi. <\/p>\n<p>  El equipo de censistas local culmin\u00f3 exitosamente el trabajo y cumpli\u00f3 con los objetivos planificados. La experiencia sirvi\u00f3 para identificar particularidades del sector que ser\u00e1 censado en 2018. <\/p>\n<p>  Armando Constantino, director de INTA San Pedro comparti\u00f3 momentos con el equipo de trabajo, recordando la experiencia que dar\u00e1 un panorama de la realidad agraria de nuestro pa\u00eds.<\/p>\n","protected":false},"excerpt":{"rendered":"<p>Durante la \u00faltima quincena de noviembre se realizaron experiencias piloto de las que participaron numerosos directores del INDEC, Ministerio de Agroindustria, Direcci\u00f3n de Estad\u00edstica Provincial y profesionales locales que estuvieron afectados a la prueba de INTA y la Municipalidad de San Pedro. El pasado viernes 1 de diciembre se realiz\u00f3 un operativo donde confluyeron profesionales [&hellip;]<\/p>\n","protected":false},"author":4,"featured_media":26633,"comment_status":"open","ping_status":"closed","sticky":false,"template":"","format":"standard","meta":{"om_disable_all_campaigns":false,"_jetpack_memberships_contains_paid_content":false,"footnotes":""},"categories":[101,2],"tags":[],"class_list":["post-26632","post","type-post","status-publish","format-standard","has-post-thumbnail","hentry","category-interes-general-locales","category-locales"],"aioseo_notices":[],"gutentor_comment":0,"jetpack_featured_media_url":"https:\/\/eldiariodesanpedro.com.ar\/sitio\/wp-content\/uploads\/2017\/12\/Participaron-numerosos-directores-del-INDEC-.jpg","jetpack_shortlink":"https:\/\/wp.me\/p6RhLt-6Vy","jetpack_sharing_enabled":true,"_links":{"self":[{"href":"https:\/\/eldiariodesanpedro.com.ar\/sitio\/wp-json\/wp\/v2\/posts\/26632","targetHints":{"allow":["GET"]}}],"collection":[{"href":"https:\/\/eldiariodesanpedro.com.ar\/sitio\/wp-json\/wp\/v2\/posts"}],"about":[{"href":"https:\/\/eldiariodesanpedro.com.ar\/sitio\/wp-json\/wp\/v2\/types\/post"}],"author":[{"embeddable":true,"href":"https:\/\/eldiariodesanpedro.com.ar\/sitio\/wp-json\/wp\/v2\/users\/4"}],"replies":[{"embeddable":true,"href":"https:\/\/eldiariodesanpedro.com.ar\/sitio\/wp-json\/wp\/v2\/comments?post=26632"}],"version-history":[{"count":1,"href":"https:\/\/eldiariodesanpedro.com.ar\/sitio\/wp-json\/wp\/v2\/posts\/26632\/revisions"}],"predecessor-version":[{"id":26635,"href":"https:\/\/eldiariodesanpedro.com.ar\/sitio\/wp-json\/wp\/v2\/posts\/26632\/revisions\/26635"}],"wp:featuredmedia":[{"embeddable":true,"href":"https:\/\/eldiariodesanpedro.com.ar\/sitio\/wp-json\/wp\/v2\/media\/26633"}],"wp:attachment":[{"href":"https:\/\/eldiariodesanpedro.com.ar\/sitio\/wp-json\/wp\/v2\/media?parent=26632"}],"wp:term":[{"taxonomy":"category","embeddable":true,"href":"https:\/\/eldiariodesanpedro.com.ar\/sitio\/wp-json\/wp\/v2\/categories?post=26632"},{"taxonomy":"post_tag","embeddable":true,"href":"https:\/\/eldiariodesanpedro.com.ar\/sitio\/wp-json\/wp\/v2\/tags?post=26632"}],"curies":[{"name":"wp","href":"https:\/\/api.w.org\/{rel}","templated":true}]}}