{"id":26627,"date":"2017-12-07T17:42:51","date_gmt":"2017-12-07T20:42:51","guid":{"rendered":"https:\/\/eldiariodesanpedro.com.ar\/sitio\/?p=26627"},"modified":"2017-12-07T17:42:52","modified_gmt":"2017-12-07T20:42:52","slug":"tres-delincuentes-robaron-en-la-zona-rural-y-se-tirotearon-con-la-policia","status":"publish","type":"post","link":"https:\/\/eldiariodesanpedro.com.ar\/sitio\/tres-delincuentes-robaron-en-la-zona-rural-y-se-tirotearon-con-la-policia\/","title":{"rendered":"Tres delincuentes robaron en la zona rural y se tirotearon con la polic\u00eda"},"content":{"rendered":"<p><!-- VideographyWP Plugin Message: Automatic video embedding prevented by plugin options. --><br \/>\nHoy horas de la madrugada Tras llamado 911 concurre m\u00f3vil  patrulla rural San Pedro a establecimiento sito ruta 1001 km 4, zona rural de San Pedro. Al ingresar son recibidos con disparos arma fuego y personal policial repele agresi\u00f3n con armas reglamentarias. <\/p>\n<p>Resulta da\u00f1ado el m\u00f3vil por 3 impactos arma fuego en el capot, mientras que los polic\u00edas resultan ilesos por su parte los malvivientes se dan a la fuga por campos linderos. <\/p>\n<p>Al ingreso de los efectivos al lugar se establece que se encontraba en en la vivienda 6 personas de nacionalidad paraguayos, durmiendo son sorprendidos por tres masculinos armados los cuales le sustraen solo tel\u00e9fonos celulares a pesar de haber preparado la camioneta propiedad de las personas para llevarse otros elementos como as\u00ed tambi\u00e9n el veh\u00edculo. <\/p>\n<p>En este caso interviene la UFI N\u00ba 5 y las actuaciones a cargo gendarmer\u00eda nacional.<\/p>\n","protected":false},"excerpt":{"rendered":"<p>Hoy horas de la madrugada Tras llamado 911 concurre m\u00f3vil patrulla rural San Pedro a establecimiento sito ruta 1001 km 4, zona rural de San Pedro. Al ingresar son recibidos con disparos arma fuego y personal policial repele agresi\u00f3n con armas reglamentarias. Resulta da\u00f1ado el m\u00f3vil por 3 impactos arma fuego en el capot, mientras [&hellip;]<\/p>\n","protected":false},"author":4,"featured_media":20938,"comment_status":"open","ping_status":"closed","sticky":false,"template":"","format":"standard","meta":{"om_disable_all_campaigns":false,"_jetpack_memberships_contains_paid_content":false,"footnotes":""},"categories":[2,103],"tags":[],"class_list":["post-26627","post","type-post","status-publish","format-standard","has-post-thumbnail","hentry","category-locales","category-policiales-locales"],"aioseo_notices":[],"gutentor_comment":0,"jetpack_featured_media_url":"https:\/\/eldiariodesanpedro.com.ar\/sitio\/wp-content\/uploads\/2017\/07\/patrullero-rural.jpg","jetpack_shortlink":"https:\/\/wp.me\/p6RhLt-6Vt","jetpack_sharing_enabled":true,"_links":{"self":[{"href":"https:\/\/eldiariodesanpedro.com.ar\/sitio\/wp-json\/wp\/v2\/posts\/26627","targetHints":{"allow":["GET"]}}],"collection":[{"href":"https:\/\/eldiariodesanpedro.com.ar\/sitio\/wp-json\/wp\/v2\/posts"}],"about":[{"href":"https:\/\/eldiariodesanpedro.com.ar\/sitio\/wp-json\/wp\/v2\/types\/post"}],"author":[{"embeddable":true,"href":"https:\/\/eldiariodesanpedro.com.ar\/sitio\/wp-json\/wp\/v2\/users\/4"}],"replies":[{"embeddable":true,"href":"https:\/\/eldiariodesanpedro.com.ar\/sitio\/wp-json\/wp\/v2\/comments?post=26627"}],"version-history":[{"count":1,"href":"https:\/\/eldiariodesanpedro.com.ar\/sitio\/wp-json\/wp\/v2\/posts\/26627\/revisions"}],"predecessor-version":[{"id":26628,"href":"https:\/\/eldiariodesanpedro.com.ar\/sitio\/wp-json\/wp\/v2\/posts\/26627\/revisions\/26628"}],"wp:featuredmedia":[{"embeddable":true,"href":"https:\/\/eldiariodesanpedro.com.ar\/sitio\/wp-json\/wp\/v2\/media\/20938"}],"wp:attachment":[{"href":"https:\/\/eldiariodesanpedro.com.ar\/sitio\/wp-json\/wp\/v2\/media?parent=26627"}],"wp:term":[{"taxonomy":"category","embeddable":true,"href":"https:\/\/eldiariodesanpedro.com.ar\/sitio\/wp-json\/wp\/v2\/categories?post=26627"},{"taxonomy":"post_tag","embeddable":true,"href":"https:\/\/eldiariodesanpedro.com.ar\/sitio\/wp-json\/wp\/v2\/tags?post=26627"}],"curies":[{"name":"wp","href":"https:\/\/api.w.org\/{rel}","templated":true}]}}