{"id":26624,"date":"2017-12-07T17:36:27","date_gmt":"2017-12-07T20:36:27","guid":{"rendered":"https:\/\/eldiariodesanpedro.com.ar\/sitio\/?p=26624"},"modified":"2017-12-07T17:36:27","modified_gmt":"2017-12-07T20:36:27","slug":"una-camioneta-colisiono-con-un-arbol-en-la-ruta-191","status":"publish","type":"post","link":"https:\/\/eldiariodesanpedro.com.ar\/sitio\/una-camioneta-colisiono-con-un-arbol-en-la-ruta-191\/","title":{"rendered":"Una camioneta colision\u00f3 con un \u00e1rbol en la ruta 191"},"content":{"rendered":"<p><!-- VideographyWP Plugin Message: Automatic video embedding prevented by plugin options. --><br \/>\nUn accidente de transito tuvo lugar este mi\u00e9rcoles en la Ruta 191 kil\u00f3metro 8, donde camioneta Ford F100 se hallaba incrustada contra un \u00e1rbol de la banquina del sentido de circulaci\u00f3n hacia el puente de la Ruta Nacional 9, resultando lesionado un ciudadano que la guiaba tras golpe en t\u00f3rax trasladado en ambulancia al hospital Subzonal San Pedro.<\/p>\n<p>Esta persona permanece en observaci\u00f3n evalu\u00e1ndose su evoluci\u00f3n y luego de recuperarse se tomo declaraci\u00f3n testimonial donde refiri\u00f3 que fue encerrado por un cami\u00f3n del que no puede especificar datos y tras una mala maniobra se despista y se produce colisi\u00f3n contra \u00e1rbol. <\/p>\n","protected":false},"excerpt":{"rendered":"<p>Un accidente de transito tuvo lugar este mi\u00e9rcoles en la Ruta 191 kil\u00f3metro 8, donde camioneta Ford F100 se hallaba incrustada contra un \u00e1rbol de la banquina del sentido de circulaci\u00f3n hacia el puente de la Ruta Nacional 9, resultando lesionado un ciudadano que la guiaba tras golpe en t\u00f3rax trasladado en ambulancia al hospital [&hellip;]<\/p>\n","protected":false},"author":4,"featured_media":25981,"comment_status":"open","ping_status":"closed","sticky":false,"template":"","format":"standard","meta":{"om_disable_all_campaigns":false,"_jetpack_memberships_contains_paid_content":false,"footnotes":""},"categories":[2,103],"tags":[],"class_list":["post-26624","post","type-post","status-publish","format-standard","has-post-thumbnail","hentry","category-locales","category-policiales-locales"],"aioseo_notices":[],"gutentor_comment":0,"jetpack_featured_media_url":"https:\/\/eldiariodesanpedro.com.ar\/sitio\/wp-content\/uploads\/2017\/11\/191.jpg","jetpack_shortlink":"https:\/\/wp.me\/p6RhLt-6Vq","jetpack_sharing_enabled":true,"_links":{"self":[{"href":"https:\/\/eldiariodesanpedro.com.ar\/sitio\/wp-json\/wp\/v2\/posts\/26624","targetHints":{"allow":["GET"]}}],"collection":[{"href":"https:\/\/eldiariodesanpedro.com.ar\/sitio\/wp-json\/wp\/v2\/posts"}],"about":[{"href":"https:\/\/eldiariodesanpedro.com.ar\/sitio\/wp-json\/wp\/v2\/types\/post"}],"author":[{"embeddable":true,"href":"https:\/\/eldiariodesanpedro.com.ar\/sitio\/wp-json\/wp\/v2\/users\/4"}],"replies":[{"embeddable":true,"href":"https:\/\/eldiariodesanpedro.com.ar\/sitio\/wp-json\/wp\/v2\/comments?post=26624"}],"version-history":[{"count":1,"href":"https:\/\/eldiariodesanpedro.com.ar\/sitio\/wp-json\/wp\/v2\/posts\/26624\/revisions"}],"predecessor-version":[{"id":26625,"href":"https:\/\/eldiariodesanpedro.com.ar\/sitio\/wp-json\/wp\/v2\/posts\/26624\/revisions\/26625"}],"wp:featuredmedia":[{"embeddable":true,"href":"https:\/\/eldiariodesanpedro.com.ar\/sitio\/wp-json\/wp\/v2\/media\/25981"}],"wp:attachment":[{"href":"https:\/\/eldiariodesanpedro.com.ar\/sitio\/wp-json\/wp\/v2\/media?parent=26624"}],"wp:term":[{"taxonomy":"category","embeddable":true,"href":"https:\/\/eldiariodesanpedro.com.ar\/sitio\/wp-json\/wp\/v2\/categories?post=26624"},{"taxonomy":"post_tag","embeddable":true,"href":"https:\/\/eldiariodesanpedro.com.ar\/sitio\/wp-json\/wp\/v2\/tags?post=26624"}],"curies":[{"name":"wp","href":"https:\/\/api.w.org\/{rel}","templated":true}]}}