{"id":26622,"date":"2017-12-07T17:34:04","date_gmt":"2017-12-07T20:34:04","guid":{"rendered":"https:\/\/eldiariodesanpedro.com.ar\/sitio\/?p=26622"},"modified":"2017-12-07T17:34:04","modified_gmt":"2017-12-07T20:34:04","slug":"ingreso-a-la-guardia-del-hospital-un-herido-de-arma-blanca","status":"publish","type":"post","link":"https:\/\/eldiariodesanpedro.com.ar\/sitio\/ingreso-a-la-guardia-del-hospital-un-herido-de-arma-blanca\/","title":{"rendered":"Ingreso a la guardia del hospital un herido de arma blanca"},"content":{"rendered":"<p><!-- VideographyWP Plugin Message: Automatic video embedding prevented by plugin options. --><br \/>\nEste mi\u00e9rcoles en horas de la noche ingres\u00f3 al nosocomio local, un ciudadano de 29 a\u00f1os de edad con herida punzo cortante en el dorso, proveniente el mismo de su domicilio ubicado en calle Manuel Iglesias al 1600 trasladado en ambulancia del SAME.<\/p>\n<p>El herido no se encontraba en condiciones de declara pero de cualquier manera pudo establecer que hab\u00eda mantenido una discusi\u00f3n con otro masculino el cual se encuentra identificado y tras la discusi\u00f3n fue agredido con un cuchillo, luego el agresor se retiro del lugar.<\/p>\n","protected":false},"excerpt":{"rendered":"<p>Este mi\u00e9rcoles en horas de la noche ingres\u00f3 al nosocomio local, un ciudadano de 29 a\u00f1os de edad con herida punzo cortante en el dorso, proveniente el mismo de su domicilio ubicado en calle Manuel Iglesias al 1600 trasladado en ambulancia del SAME. El herido no se encontraba en condiciones de declara pero de cualquier [&hellip;]<\/p>\n","protected":false},"author":4,"featured_media":25808,"comment_status":"open","ping_status":"closed","sticky":false,"template":"","format":"standard","meta":{"om_disable_all_campaigns":false,"_jetpack_memberships_contains_paid_content":false,"footnotes":""},"categories":[2,103],"tags":[],"class_list":["post-26622","post","type-post","status-publish","format-standard","has-post-thumbnail","hentry","category-locales","category-policiales-locales"],"aioseo_notices":[],"gutentor_comment":0,"jetpack_featured_media_url":"https:\/\/eldiariodesanpedro.com.ar\/sitio\/wp-content\/uploads\/2017\/11\/Los-accidentados-fueron-derivados-a-la-Guardia.jpg","jetpack_shortlink":"https:\/\/wp.me\/p6RhLt-6Vo","jetpack_sharing_enabled":true,"_links":{"self":[{"href":"https:\/\/eldiariodesanpedro.com.ar\/sitio\/wp-json\/wp\/v2\/posts\/26622","targetHints":{"allow":["GET"]}}],"collection":[{"href":"https:\/\/eldiariodesanpedro.com.ar\/sitio\/wp-json\/wp\/v2\/posts"}],"about":[{"href":"https:\/\/eldiariodesanpedro.com.ar\/sitio\/wp-json\/wp\/v2\/types\/post"}],"author":[{"embeddable":true,"href":"https:\/\/eldiariodesanpedro.com.ar\/sitio\/wp-json\/wp\/v2\/users\/4"}],"replies":[{"embeddable":true,"href":"https:\/\/eldiariodesanpedro.com.ar\/sitio\/wp-json\/wp\/v2\/comments?post=26622"}],"version-history":[{"count":1,"href":"https:\/\/eldiariodesanpedro.com.ar\/sitio\/wp-json\/wp\/v2\/posts\/26622\/revisions"}],"predecessor-version":[{"id":26623,"href":"https:\/\/eldiariodesanpedro.com.ar\/sitio\/wp-json\/wp\/v2\/posts\/26622\/revisions\/26623"}],"wp:featuredmedia":[{"embeddable":true,"href":"https:\/\/eldiariodesanpedro.com.ar\/sitio\/wp-json\/wp\/v2\/media\/25808"}],"wp:attachment":[{"href":"https:\/\/eldiariodesanpedro.com.ar\/sitio\/wp-json\/wp\/v2\/media?parent=26622"}],"wp:term":[{"taxonomy":"category","embeddable":true,"href":"https:\/\/eldiariodesanpedro.com.ar\/sitio\/wp-json\/wp\/v2\/categories?post=26622"},{"taxonomy":"post_tag","embeddable":true,"href":"https:\/\/eldiariodesanpedro.com.ar\/sitio\/wp-json\/wp\/v2\/tags?post=26622"}],"curies":[{"name":"wp","href":"https:\/\/api.w.org\/{rel}","templated":true}]}}