{"id":26620,"date":"2017-12-07T17:28:06","date_gmt":"2017-12-07T20:28:06","guid":{"rendered":"https:\/\/eldiariodesanpedro.com.ar\/sitio\/?p=26620"},"modified":"2017-12-07T17:28:06","modified_gmt":"2017-12-07T20:28:06","slug":"robaron-una-bateria-y-herramientas-en-zona-rural","status":"publish","type":"post","link":"https:\/\/eldiariodesanpedro.com.ar\/sitio\/robaron-una-bateria-y-herramientas-en-zona-rural\/","title":{"rendered":"Robaron una bateria y herramientas en zona rural"},"content":{"rendered":"<p><!-- VideographyWP Plugin Message: Automatic video embedding prevented by plugin options. --><br \/>\nEl mi\u00e9rcoles se recibi\u00f3 la denuncia de un ciudadano en el Destacamento R\u00edo Tala,  que alrededor de las 20 hs. se retiro de su domicilio ubicado en en la Ex Ruta 9 y al regreso cerca de las 02 hs. de la madrugada del jueves constato que autores ignorados, previo violentar puerta de galp\u00f3n ubicado de manera lindera a la vivienda, ingresan y sustraen herramientas varias ademas de una  1 bater\u00eda de auto.<\/p>\n","protected":false},"excerpt":{"rendered":"<p>El mi\u00e9rcoles se recibi\u00f3 la denuncia de un ciudadano en el Destacamento R\u00edo Tala, que alrededor de las 20 hs. se retiro de su domicilio ubicado en en la Ex Ruta 9 y al regreso cerca de las 02 hs. de la madrugada del jueves constato que autores ignorados, previo violentar puerta de galp\u00f3n ubicado [&hellip;]<\/p>\n","protected":false},"author":4,"featured_media":22505,"comment_status":"open","ping_status":"closed","sticky":false,"template":"","format":"standard","meta":{"om_disable_all_campaigns":false,"_jetpack_memberships_contains_paid_content":false,"footnotes":""},"categories":[2,103],"tags":[],"class_list":["post-26620","post","type-post","status-publish","format-standard","has-post-thumbnail","hentry","category-locales","category-policiales-locales"],"aioseo_notices":[],"gutentor_comment":0,"jetpack_featured_media_url":"https:\/\/eldiariodesanpedro.com.ar\/sitio\/wp-content\/uploads\/2017\/08\/camioneta-policia-zona-rural.jpg","jetpack_shortlink":"https:\/\/wp.me\/p6RhLt-6Vm","jetpack_sharing_enabled":true,"_links":{"self":[{"href":"https:\/\/eldiariodesanpedro.com.ar\/sitio\/wp-json\/wp\/v2\/posts\/26620","targetHints":{"allow":["GET"]}}],"collection":[{"href":"https:\/\/eldiariodesanpedro.com.ar\/sitio\/wp-json\/wp\/v2\/posts"}],"about":[{"href":"https:\/\/eldiariodesanpedro.com.ar\/sitio\/wp-json\/wp\/v2\/types\/post"}],"author":[{"embeddable":true,"href":"https:\/\/eldiariodesanpedro.com.ar\/sitio\/wp-json\/wp\/v2\/users\/4"}],"replies":[{"embeddable":true,"href":"https:\/\/eldiariodesanpedro.com.ar\/sitio\/wp-json\/wp\/v2\/comments?post=26620"}],"version-history":[{"count":1,"href":"https:\/\/eldiariodesanpedro.com.ar\/sitio\/wp-json\/wp\/v2\/posts\/26620\/revisions"}],"predecessor-version":[{"id":26621,"href":"https:\/\/eldiariodesanpedro.com.ar\/sitio\/wp-json\/wp\/v2\/posts\/26620\/revisions\/26621"}],"wp:featuredmedia":[{"embeddable":true,"href":"https:\/\/eldiariodesanpedro.com.ar\/sitio\/wp-json\/wp\/v2\/media\/22505"}],"wp:attachment":[{"href":"https:\/\/eldiariodesanpedro.com.ar\/sitio\/wp-json\/wp\/v2\/media?parent=26620"}],"wp:term":[{"taxonomy":"category","embeddable":true,"href":"https:\/\/eldiariodesanpedro.com.ar\/sitio\/wp-json\/wp\/v2\/categories?post=26620"},{"taxonomy":"post_tag","embeddable":true,"href":"https:\/\/eldiariodesanpedro.com.ar\/sitio\/wp-json\/wp\/v2\/tags?post=26620"}],"curies":[{"name":"wp","href":"https:\/\/api.w.org\/{rel}","templated":true}]}}