{"id":26618,"date":"2017-12-07T11:35:12","date_gmt":"2017-12-07T14:35:12","guid":{"rendered":"https:\/\/eldiariodesanpedro.com.ar\/sitio\/?p=26618"},"modified":"2017-12-07T11:35:12","modified_gmt":"2017-12-07T14:35:12","slug":"recuperan-un-automovil-que-habia-sido-robado-en-mercedes","status":"publish","type":"post","link":"https:\/\/eldiariodesanpedro.com.ar\/sitio\/recuperan-un-automovil-que-habia-sido-robado-en-mercedes\/","title":{"rendered":"Recuperan un autom\u00f3vil que hab\u00eda sido robado en Mercedes"},"content":{"rendered":"<p><!-- VideographyWP Plugin Message: Automatic video embedding prevented by plugin options. --><br \/>\nEn este pasado mi\u00e9rcoles el personal policial del Destacamento de Santa Lucia circunstancia realizaba operativo de interpretaci\u00f3n vehicular e identificaci\u00f3n de personas en acceso a localidad, se procedi\u00f3 a la interceptaci\u00f3n de un veh\u00edculo Ford Focus que era guiado por un hombre de 32 a\u00f1os de edad oriundo de Baradero.<\/p>\n<p>Se pudo constatar que el autom\u00f3vil posee pedido de secuestro activo desde el a\u00f1o 2011, solicitado por Unidad Funcional de Instrucci\u00f3n N\u00ba 6 del Departamento judicial de Mercedes, bajo la caratula de \u00abRobo calificado de automotor\u00bb, procedi\u00e9ndose a trasladar al masculino hasta el Destacamento donde se lo notifico de las actuaciones y secuestro del rodado.<\/p>\n","protected":false},"excerpt":{"rendered":"<p>En este pasado mi\u00e9rcoles el personal policial del Destacamento de Santa Lucia circunstancia realizaba operativo de interpretaci\u00f3n vehicular e identificaci\u00f3n de personas en acceso a localidad, se procedi\u00f3 a la interceptaci\u00f3n de un veh\u00edculo Ford Focus que era guiado por un hombre de 32 a\u00f1os de edad oriundo de Baradero. Se pudo constatar que el [&hellip;]<\/p>\n","protected":false},"author":4,"featured_media":16976,"comment_status":"open","ping_status":"closed","sticky":false,"template":"","format":"standard","meta":{"om_disable_all_campaigns":false,"_jetpack_memberships_contains_paid_content":false,"footnotes":""},"categories":[2,103],"tags":[],"class_list":["post-26618","post","type-post","status-publish","format-standard","has-post-thumbnail","hentry","category-locales","category-policiales-locales"],"aioseo_notices":[],"gutentor_comment":0,"jetpack_featured_media_url":"https:\/\/eldiariodesanpedro.com.ar\/sitio\/wp-content\/uploads\/2017\/04\/DSC_0002-e1496323008397.jpg","jetpack_shortlink":"https:\/\/wp.me\/p6RhLt-6Vk","jetpack_sharing_enabled":true,"_links":{"self":[{"href":"https:\/\/eldiariodesanpedro.com.ar\/sitio\/wp-json\/wp\/v2\/posts\/26618","targetHints":{"allow":["GET"]}}],"collection":[{"href":"https:\/\/eldiariodesanpedro.com.ar\/sitio\/wp-json\/wp\/v2\/posts"}],"about":[{"href":"https:\/\/eldiariodesanpedro.com.ar\/sitio\/wp-json\/wp\/v2\/types\/post"}],"author":[{"embeddable":true,"href":"https:\/\/eldiariodesanpedro.com.ar\/sitio\/wp-json\/wp\/v2\/users\/4"}],"replies":[{"embeddable":true,"href":"https:\/\/eldiariodesanpedro.com.ar\/sitio\/wp-json\/wp\/v2\/comments?post=26618"}],"version-history":[{"count":1,"href":"https:\/\/eldiariodesanpedro.com.ar\/sitio\/wp-json\/wp\/v2\/posts\/26618\/revisions"}],"predecessor-version":[{"id":26619,"href":"https:\/\/eldiariodesanpedro.com.ar\/sitio\/wp-json\/wp\/v2\/posts\/26618\/revisions\/26619"}],"wp:featuredmedia":[{"embeddable":true,"href":"https:\/\/eldiariodesanpedro.com.ar\/sitio\/wp-json\/wp\/v2\/media\/16976"}],"wp:attachment":[{"href":"https:\/\/eldiariodesanpedro.com.ar\/sitio\/wp-json\/wp\/v2\/media?parent=26618"}],"wp:term":[{"taxonomy":"category","embeddable":true,"href":"https:\/\/eldiariodesanpedro.com.ar\/sitio\/wp-json\/wp\/v2\/categories?post=26618"},{"taxonomy":"post_tag","embeddable":true,"href":"https:\/\/eldiariodesanpedro.com.ar\/sitio\/wp-json\/wp\/v2\/tags?post=26618"}],"curies":[{"name":"wp","href":"https:\/\/api.w.org\/{rel}","templated":true}]}}