{"id":26608,"date":"2017-12-07T10:51:16","date_gmt":"2017-12-07T13:51:16","guid":{"rendered":"https:\/\/eldiariodesanpedro.com.ar\/sitio\/?p=26608"},"modified":"2017-12-07T10:51:16","modified_gmt":"2017-12-07T13:51:16","slug":"un-automovil-cayo-dentro-de-un-zanjon","status":"publish","type":"post","link":"https:\/\/eldiariodesanpedro.com.ar\/sitio\/un-automovil-cayo-dentro-de-un-zanjon\/","title":{"rendered":"Un autom\u00f3vil cay\u00f3 dentro de un zanj\u00f3n"},"content":{"rendered":"<p><!-- VideographyWP Plugin Message: Automatic video embedding prevented by plugin options. --><br \/>\nEn la ma\u00f1ana de este jueves se produjo un accidente de transito en la esquina de Rafael Obligado y Dipietri a pocas cuadras de la escuela N\u00ba 4  Domingo French.<\/p>\n<p>En esta ocasi\u00f3n el siniestro se produjo alrededor de las 9:30 hs cuando una mujer joven mayor de edad que se desempe\u00f1a como maestra por motivos que se tratan de establecer perdi\u00f3 el control de su autom\u00f3vil cayendo dentro de un gran zanj\u00f3n.<\/p>\n<p>La joven conductora solo sufri\u00f3 un golpe en uno de sus codos por lo que fue trasladada a la guardia del sanatorio para poder recibir la debida atenci\u00f3n y controlar que no haya sufrido ning\u00fan traumatismo interno.<\/p>\n<p>Seg\u00fan los vecinos de la zona, no es la primera vez que suceden problemas con estos zanjones, hace 4 a\u00f1os atr\u00e1s en el mismo lugar pero la vereda de enfrente un ni\u00f1o cay\u00f3 provoc\u00e1ndose una seria lesi\u00f3n en su cr\u00e1neo. Por lo que hace un tiempo atr\u00e1s ya vienen pidiendo una soluci\u00f3n al municipio  para poder entubar el zanj\u00f3n, por lo angosto de la calle y teniendo en cuenta que en inmediaciones se encuentra un establecimiento escolar.<\/p>\n","protected":false},"excerpt":{"rendered":"<p>En la ma\u00f1ana de este jueves se produjo un accidente de transito en la esquina de Rafael Obligado y Dipietri a pocas cuadras de la escuela N\u00ba 4 Domingo French. En esta ocasi\u00f3n el siniestro se produjo alrededor de las 9:30 hs cuando una mujer joven mayor de edad que se desempe\u00f1a como maestra por [&hellip;]<\/p>\n","protected":false},"author":4,"featured_media":26609,"comment_status":"open","ping_status":"closed","sticky":false,"template":"","format":"standard","meta":{"om_disable_all_campaigns":false,"_jetpack_memberships_contains_paid_content":false,"footnotes":""},"categories":[50,2,103],"tags":[],"class_list":["post-26608","post","type-post","status-publish","format-standard","has-post-thumbnail","hentry","category-destacadas","category-locales","category-policiales-locales"],"aioseo_notices":[],"gutentor_comment":0,"jetpack_featured_media_url":"https:\/\/eldiariodesanpedro.com.ar\/sitio\/wp-content\/uploads\/2017\/12\/auto.jpg","jetpack_shortlink":"https:\/\/wp.me\/p6RhLt-6Va","jetpack_sharing_enabled":true,"_links":{"self":[{"href":"https:\/\/eldiariodesanpedro.com.ar\/sitio\/wp-json\/wp\/v2\/posts\/26608","targetHints":{"allow":["GET"]}}],"collection":[{"href":"https:\/\/eldiariodesanpedro.com.ar\/sitio\/wp-json\/wp\/v2\/posts"}],"about":[{"href":"https:\/\/eldiariodesanpedro.com.ar\/sitio\/wp-json\/wp\/v2\/types\/post"}],"author":[{"embeddable":true,"href":"https:\/\/eldiariodesanpedro.com.ar\/sitio\/wp-json\/wp\/v2\/users\/4"}],"replies":[{"embeddable":true,"href":"https:\/\/eldiariodesanpedro.com.ar\/sitio\/wp-json\/wp\/v2\/comments?post=26608"}],"version-history":[{"count":1,"href":"https:\/\/eldiariodesanpedro.com.ar\/sitio\/wp-json\/wp\/v2\/posts\/26608\/revisions"}],"predecessor-version":[{"id":26613,"href":"https:\/\/eldiariodesanpedro.com.ar\/sitio\/wp-json\/wp\/v2\/posts\/26608\/revisions\/26613"}],"wp:featuredmedia":[{"embeddable":true,"href":"https:\/\/eldiariodesanpedro.com.ar\/sitio\/wp-json\/wp\/v2\/media\/26609"}],"wp:attachment":[{"href":"https:\/\/eldiariodesanpedro.com.ar\/sitio\/wp-json\/wp\/v2\/media?parent=26608"}],"wp:term":[{"taxonomy":"category","embeddable":true,"href":"https:\/\/eldiariodesanpedro.com.ar\/sitio\/wp-json\/wp\/v2\/categories?post=26608"},{"taxonomy":"post_tag","embeddable":true,"href":"https:\/\/eldiariodesanpedro.com.ar\/sitio\/wp-json\/wp\/v2\/tags?post=26608"}],"curies":[{"name":"wp","href":"https:\/\/api.w.org\/{rel}","templated":true}]}}