{"id":26604,"date":"2017-12-06T20:46:22","date_gmt":"2017-12-06T23:46:22","guid":{"rendered":"https:\/\/eldiariodesanpedro.com.ar\/sitio\/?p=26604"},"modified":"2017-12-06T20:46:22","modified_gmt":"2017-12-06T23:46:22","slug":"ate-san-pedro-ofrecio-una-conferencia-de-prensa-sobre-las-medidas-tomadas-por-la-provincia","status":"publish","type":"post","link":"https:\/\/eldiariodesanpedro.com.ar\/sitio\/ate-san-pedro-ofrecio-una-conferencia-de-prensa-sobre-las-medidas-tomadas-por-la-provincia\/","title":{"rendered":"ATE San Pedro ofreci\u00f3 una conferencia de Prensa sobre las medidas tomadas por la provincia"},"content":{"rendered":"<p><!-- VideographyWP Plugin Message: Automatic video embedding prevented by plugin options. --><br \/>\nSe realiz\u00f3 una jornada nacional de paro de ATE. En nuestra ciudad, Gustavo Gauna (Secretario General) junto a otros representantes del gremio, encabez\u00f3 una conferencia de prensa para ratificar su postura en contra de algunas de las medidas del gobierno provincial en perjuicio de los trabajadores estatales.<\/p>\n<p>  Principalmente se pronunciaron en contra de la Ley que obliga a los municipios al pacto de Responsabilidad Fiscal, provocando la p\u00e9rdida de autonom\u00eda de los municipios y, consiguiendo que el empleado municipal pierda progresivamente algunos de sus derechos, explic\u00f3 Gauna.<\/p>\n<p>  \u201cEsta Ley hace que perdamos las horas extras, las guardias pasivas, recorta los contratos. Son muchas cosas que van en contra de los trabajadores. Si bien es una exigencia de la Provincia para todos los municipios, debe ser estudiada con m\u00e1s profundidad\u201d. <\/p>\n<p>  \u201cPedimos que las distintas municipalidades no se adhieran a esta Ley de Responsabilidad Fiscal que afectar\u00e1 directamente a los empleados estatales, en este caso a los empleados municipales\u201d dijo luego.<\/p>\n<p>  Tambi\u00e9n se pronunciaron en contra de la ley de reforma laboral que est\u00e1 siendo tratada que, seg\u00fan su punto de vista, va claramente contra el trabajador, contra uno de los principios fundamentales que es la irrenunciabilidad de los derechos. \u201cHace que la parte patronal tenga la posibilidad de presionar al trabajador\u201d agreg\u00f3.<\/p>\n<p>  Y continu\u00f3: \u201cEl gobierno est\u00e1 tratando de reducir el costo del gasto p\u00fablico y lo quieren reducir a trav\u00e9s del famoso \u2018costo laboral\u2019, a trav\u00e9s del obrero. Pedimos que la Municipalidad haga un an\u00e1lisis profundo sobre si se va a adherir a estas leyes que perjudican a los empleados municipales\u201d.<\/p>\n<p>  Entre otros temas por los que no se encuentran en concordancia con el gobierno local, se manifestaron en contra del achique de personal, en contra de la no renovaci\u00f3n de los contratos a quienes ya est\u00e1n en esta situaci\u00f3n desde hace a\u00f1os y la contrataci\u00f3n en la misma forma de nuevo personal, sin cumplir con el convenio colectivo de trabajo que resguarda a los trabajadores contratados debiendo ser puestos en planta permanente luego de haber prestado sus servicio durante cierta cantidad de a\u00f1os, pidiendo por el ajuste salarial adeudado del tercer trimestre del a\u00f1o, por la falta de generaci\u00f3n de nuevos empleos para la ciudadan\u00eda en general.<\/p>\n<p><strong>  Algunas de sus declaraciones fueron:<\/strong><\/p>\n<p>  \u201cUno de los puntos es el achique de la planta de personal se habla del 1,1 % de planta personal con respecto a la cantidad de habitantes. En el caso de San Pedro, a grandes rasgos, no podr\u00eda haber m\u00e1s de 770 empleados. Pero, vamos a resistir y nos manifestamos en contra de estas decisiones\u201d.<\/p>\n<p>  \u201cHablan de achicar la planta de personal, pero no se ha creado ninguna fuente de trabajo\u201d.<\/p>\n<p>  \u201cHablan de 60 contratos que no se van a renovar cuando ya hubo dos tandas de trabajadores jornalizados con m\u00e1s de 5 a\u00f1os de antig\u00fcedad a los que no les renovaron el contrato\u201d. <\/p>\n<p>  \u201cSi no generan nuevas fuentes de trabajo esto va a repercutir en la sociedad en general\u201d. <\/p>\n<p>  \u201cLlevamos 17,5% de aumento contra la inflaci\u00f3n de 19,5%, estamos 2% por debajo de los sueldos y sin cerrar el \u00faltimo trimestre para un aumento\u201d.<\/p>\n<p>  \u201cQuieren reducir la jornada laboral\u201d.<\/p>\n<p>  \u201cHasta tanto no haya una reforma estas cuestiones se discuten por paritarias\u00bb agregaron los dirigentes gremiales.<\/p>\n<p>  Adem\u00e1s, tambi\u00e9n por la ma\u00f1ana de ayer, se reunieron con concejales y ratificaron su postura en contra de esta legislaci\u00f3n, entregando un petitorio.<\/p>\n","protected":false},"excerpt":{"rendered":"<p>Se realiz\u00f3 una jornada nacional de paro de ATE. En nuestra ciudad, Gustavo Gauna (Secretario General) junto a otros representantes del gremio, encabez\u00f3 una conferencia de prensa para ratificar su postura en contra de algunas de las medidas del gobierno provincial en perjuicio de los trabajadores estatales. Principalmente se pronunciaron en contra de la Ley [&hellip;]<\/p>\n","protected":false},"author":4,"featured_media":26605,"comment_status":"open","ping_status":"closed","sticky":false,"template":"","format":"standard","meta":{"om_disable_all_campaigns":false,"_jetpack_memberships_contains_paid_content":false,"footnotes":""},"categories":[2,102],"tags":[],"class_list":["post-26604","post","type-post","status-publish","format-standard","has-post-thumbnail","hentry","category-locales","category-politica-locales"],"aioseo_notices":[],"gutentor_comment":0,"jetpack_featured_media_url":"https:\/\/eldiariodesanpedro.com.ar\/sitio\/wp-content\/uploads\/2017\/12\/ATE-La-conferencia-de-prens.jpeg","jetpack_shortlink":"https:\/\/wp.me\/p6RhLt-6V6","jetpack_sharing_enabled":true,"_links":{"self":[{"href":"https:\/\/eldiariodesanpedro.com.ar\/sitio\/wp-json\/wp\/v2\/posts\/26604","targetHints":{"allow":["GET"]}}],"collection":[{"href":"https:\/\/eldiariodesanpedro.com.ar\/sitio\/wp-json\/wp\/v2\/posts"}],"about":[{"href":"https:\/\/eldiariodesanpedro.com.ar\/sitio\/wp-json\/wp\/v2\/types\/post"}],"author":[{"embeddable":true,"href":"https:\/\/eldiariodesanpedro.com.ar\/sitio\/wp-json\/wp\/v2\/users\/4"}],"replies":[{"embeddable":true,"href":"https:\/\/eldiariodesanpedro.com.ar\/sitio\/wp-json\/wp\/v2\/comments?post=26604"}],"version-history":[{"count":1,"href":"https:\/\/eldiariodesanpedro.com.ar\/sitio\/wp-json\/wp\/v2\/posts\/26604\/revisions"}],"predecessor-version":[{"id":26606,"href":"https:\/\/eldiariodesanpedro.com.ar\/sitio\/wp-json\/wp\/v2\/posts\/26604\/revisions\/26606"}],"wp:featuredmedia":[{"embeddable":true,"href":"https:\/\/eldiariodesanpedro.com.ar\/sitio\/wp-json\/wp\/v2\/media\/26605"}],"wp:attachment":[{"href":"https:\/\/eldiariodesanpedro.com.ar\/sitio\/wp-json\/wp\/v2\/media?parent=26604"}],"wp:term":[{"taxonomy":"category","embeddable":true,"href":"https:\/\/eldiariodesanpedro.com.ar\/sitio\/wp-json\/wp\/v2\/categories?post=26604"},{"taxonomy":"post_tag","embeddable":true,"href":"https:\/\/eldiariodesanpedro.com.ar\/sitio\/wp-json\/wp\/v2\/tags?post=26604"}],"curies":[{"name":"wp","href":"https:\/\/api.w.org\/{rel}","templated":true}]}}