{"id":26600,"date":"2017-12-06T20:43:01","date_gmt":"2017-12-06T23:43:01","guid":{"rendered":"https:\/\/eldiariodesanpedro.com.ar\/sitio\/?p=26600"},"modified":"2017-12-06T20:43:01","modified_gmt":"2017-12-06T23:43:01","slug":"baradero-denuncian-que-ponen-miguelitos-en-el-camino-para-que-no-se-acerquen-a-un-campo","status":"publish","type":"post","link":"https:\/\/eldiariodesanpedro.com.ar\/sitio\/baradero-denuncian-que-ponen-miguelitos-en-el-camino-para-que-no-se-acerquen-a-un-campo\/","title":{"rendered":"BARADERO: Denuncian que ponen \u201cmiguelitos\u201d en el camino para que no se acerquen a un campo"},"content":{"rendered":"<p><!-- VideographyWP Plugin Message: Automatic video embedding prevented by plugin options. --><br \/>\n  A trav\u00e9s de Facebook, una vecina de Portela, denunci\u00f3 que una persona habr\u00eda puesto en el camino al r\u00edo, alg\u00fan tipo de \u201cMiguelitos\u201d para que la gente no se dirija al lugar.  <\/p>\n<p>  All\u00ed generalmente los vecinos van a pescar. Algunos consideran que son los due\u00f1os de un campo cercano quienes perjudican intencionalmente el tr\u00e1nsito en la zona con esos elementos.<\/p>\n<p>  Otra vecina, asegur\u00f3 a este medio, que creen que son los due\u00f1os de un campo quienes se dedicar\u00edan a la apicultura. Profesi\u00f3n que a los vecinos les preocupa que se practique en dicha zona porque afirman que hay muchos chicos con alergia a las abejas y que en la salita no hay vacunas para afrontar una picadura.<\/p>\n<p>Ep\u00edgrafe: Tu l\u00ednea directa<\/p>\n","protected":false},"excerpt":{"rendered":"<p>A trav\u00e9s de Facebook, una vecina de Portela, denunci\u00f3 que una persona habr\u00eda puesto en el camino al r\u00edo, alg\u00fan tipo de \u201cMiguelitos\u201d para que la gente no se dirija al lugar. All\u00ed generalmente los vecinos van a pescar. Algunos consideran que son los due\u00f1os de un campo cercano quienes perjudican intencionalmente el tr\u00e1nsito en [&hellip;]<\/p>\n","protected":false},"author":4,"featured_media":26602,"comment_status":"open","ping_status":"closed","sticky":false,"template":"","format":"standard","meta":{"om_disable_all_campaigns":false,"_jetpack_memberships_contains_paid_content":false,"footnotes":""},"categories":[621],"tags":[],"class_list":["post-26600","post","type-post","status-publish","format-standard","has-post-thumbnail","hentry","category-regionales"],"aioseo_notices":[],"gutentor_comment":0,"jetpack_featured_media_url":"https:\/\/eldiariodesanpedro.com.ar\/sitio\/wp-content\/uploads\/2017\/12\/BARADERO-miguelitos.jpg","jetpack_shortlink":"https:\/\/wp.me\/p6RhLt-6V2","jetpack_sharing_enabled":true,"_links":{"self":[{"href":"https:\/\/eldiariodesanpedro.com.ar\/sitio\/wp-json\/wp\/v2\/posts\/26600","targetHints":{"allow":["GET"]}}],"collection":[{"href":"https:\/\/eldiariodesanpedro.com.ar\/sitio\/wp-json\/wp\/v2\/posts"}],"about":[{"href":"https:\/\/eldiariodesanpedro.com.ar\/sitio\/wp-json\/wp\/v2\/types\/post"}],"author":[{"embeddable":true,"href":"https:\/\/eldiariodesanpedro.com.ar\/sitio\/wp-json\/wp\/v2\/users\/4"}],"replies":[{"embeddable":true,"href":"https:\/\/eldiariodesanpedro.com.ar\/sitio\/wp-json\/wp\/v2\/comments?post=26600"}],"version-history":[{"count":1,"href":"https:\/\/eldiariodesanpedro.com.ar\/sitio\/wp-json\/wp\/v2\/posts\/26600\/revisions"}],"predecessor-version":[{"id":26603,"href":"https:\/\/eldiariodesanpedro.com.ar\/sitio\/wp-json\/wp\/v2\/posts\/26600\/revisions\/26603"}],"wp:featuredmedia":[{"embeddable":true,"href":"https:\/\/eldiariodesanpedro.com.ar\/sitio\/wp-json\/wp\/v2\/media\/26602"}],"wp:attachment":[{"href":"https:\/\/eldiariodesanpedro.com.ar\/sitio\/wp-json\/wp\/v2\/media?parent=26600"}],"wp:term":[{"taxonomy":"category","embeddable":true,"href":"https:\/\/eldiariodesanpedro.com.ar\/sitio\/wp-json\/wp\/v2\/categories?post=26600"},{"taxonomy":"post_tag","embeddable":true,"href":"https:\/\/eldiariodesanpedro.com.ar\/sitio\/wp-json\/wp\/v2\/tags?post=26600"}],"curies":[{"name":"wp","href":"https:\/\/api.w.org\/{rel}","templated":true}]}}