{"id":26597,"date":"2017-12-06T20:41:15","date_gmt":"2017-12-06T23:41:15","guid":{"rendered":"https:\/\/eldiariodesanpedro.com.ar\/sitio\/?p=26597"},"modified":"2017-12-06T20:41:15","modified_gmt":"2017-12-06T23:41:15","slug":"baradero-suspenden-la-fiesta-de-la-cerveza-artesanal","status":"publish","type":"post","link":"https:\/\/eldiariodesanpedro.com.ar\/sitio\/baradero-suspenden-la-fiesta-de-la-cerveza-artesanal\/","title":{"rendered":"BARADERO: Suspenden la Fiesta de la Cerveza Artesanal"},"content":{"rendered":"<p><!-- VideographyWP Plugin Message: Automatic video embedding prevented by plugin options. --><br \/>\n  As\u00ed lo inform\u00f3 el Director de Turismo Germ\u00e1n Vetovalli en 105.7 Tu Radio. El motivo es el alarmante pron\u00f3stico del tiempo para viernes y s\u00e1bado.<\/p>\n<p>  \u201cCuando se realiza un evento al aire libre hay que tener en cuenta estos imponderables\u201d expres\u00f3 el Director de Turismo y explic\u00f3 que vienen siguiendo el pron\u00f3stico desde el fin de semana pasado y que anuncian lluvia para el viernes y madrugada del s\u00e1bado.<\/p>\n<p>  \u201cRealmente es una l\u00e1stima\u201d remarc\u00f3, pero aclar\u00f3 \u201cestamos evaluando fechas para reprogramar\u201d.<br \/>\n  La Fiesta de la Cerveza Artesanal iba a desarrollarse este viernes 8 y s\u00e1bado 9 de diciembre en la Rotonda de la Ruta N\u00b0 41.<\/p>\n<p>  Ma\u00f1ana, Marcos Barlatay, Secretario de Cultura, Turismo, Educaci\u00f3n y Deporte, encabezar\u00e1 una reuni\u00f3n junto al Director de Turismo y de Cultura para definir una nueva fecha para la realizaci\u00f3n del prometedor evento.<\/p>\n<p>Fuente: Tu l\u00ednea Directa <\/p>\n","protected":false},"excerpt":{"rendered":"<p>As\u00ed lo inform\u00f3 el Director de Turismo Germ\u00e1n Vetovalli en 105.7 Tu Radio. El motivo es el alarmante pron\u00f3stico del tiempo para viernes y s\u00e1bado. \u201cCuando se realiza un evento al aire libre hay que tener en cuenta estos imponderables\u201d expres\u00f3 el Director de Turismo y explic\u00f3 que vienen siguiendo el pron\u00f3stico desde el fin [&hellip;]<\/p>\n","protected":false},"author":4,"featured_media":26599,"comment_status":"open","ping_status":"closed","sticky":false,"template":"","format":"standard","meta":{"om_disable_all_campaigns":false,"_jetpack_memberships_contains_paid_content":false,"footnotes":""},"categories":[621],"tags":[],"class_list":["post-26597","post","type-post","status-publish","format-standard","has-post-thumbnail","hentry","category-regionales"],"aioseo_notices":[],"gutentor_comment":0,"jetpack_featured_media_url":"https:\/\/eldiariodesanpedro.com.ar\/sitio\/wp-content\/uploads\/2017\/12\/baradero-Suspenden-la-Fiesta-de-la-Cerveza-Artesanal.jpg","jetpack_shortlink":"https:\/\/wp.me\/p6RhLt-6UZ","jetpack_sharing_enabled":true,"_links":{"self":[{"href":"https:\/\/eldiariodesanpedro.com.ar\/sitio\/wp-json\/wp\/v2\/posts\/26597","targetHints":{"allow":["GET"]}}],"collection":[{"href":"https:\/\/eldiariodesanpedro.com.ar\/sitio\/wp-json\/wp\/v2\/posts"}],"about":[{"href":"https:\/\/eldiariodesanpedro.com.ar\/sitio\/wp-json\/wp\/v2\/types\/post"}],"author":[{"embeddable":true,"href":"https:\/\/eldiariodesanpedro.com.ar\/sitio\/wp-json\/wp\/v2\/users\/4"}],"replies":[{"embeddable":true,"href":"https:\/\/eldiariodesanpedro.com.ar\/sitio\/wp-json\/wp\/v2\/comments?post=26597"}],"version-history":[{"count":1,"href":"https:\/\/eldiariodesanpedro.com.ar\/sitio\/wp-json\/wp\/v2\/posts\/26597\/revisions"}],"predecessor-version":[{"id":26601,"href":"https:\/\/eldiariodesanpedro.com.ar\/sitio\/wp-json\/wp\/v2\/posts\/26597\/revisions\/26601"}],"wp:featuredmedia":[{"embeddable":true,"href":"https:\/\/eldiariodesanpedro.com.ar\/sitio\/wp-json\/wp\/v2\/media\/26599"}],"wp:attachment":[{"href":"https:\/\/eldiariodesanpedro.com.ar\/sitio\/wp-json\/wp\/v2\/media?parent=26597"}],"wp:term":[{"taxonomy":"category","embeddable":true,"href":"https:\/\/eldiariodesanpedro.com.ar\/sitio\/wp-json\/wp\/v2\/categories?post=26597"},{"taxonomy":"post_tag","embeddable":true,"href":"https:\/\/eldiariodesanpedro.com.ar\/sitio\/wp-json\/wp\/v2\/tags?post=26597"}],"curies":[{"name":"wp","href":"https:\/\/api.w.org\/{rel}","templated":true}]}}