{"id":26594,"date":"2017-12-06T20:11:20","date_gmt":"2017-12-06T23:11:20","guid":{"rendered":"https:\/\/eldiariodesanpedro.com.ar\/sitio\/?p=26594"},"modified":"2017-12-06T20:11:20","modified_gmt":"2017-12-06T23:11:20","slug":"pergamino-roban-la-quinta-de-un-efectivo-policial-y-le-dejan-mensajes-amenazantes","status":"publish","type":"post","link":"https:\/\/eldiariodesanpedro.com.ar\/sitio\/pergamino-roban-la-quinta-de-un-efectivo-policial-y-le-dejan-mensajes-amenazantes\/","title":{"rendered":"PERGAMINO: Roban la quinta de un efectivo policial y le dejan mensajes amenazantes"},"content":{"rendered":"<p><!-- VideographyWP Plugin Message: Automatic video embedding prevented by plugin options. --><br \/>\nEl s\u00e1bado el efectivo policial que desempe\u00f1a tareas en la ciudad de Pergamino lleg\u00f3 a su quinta ubicada en la zona de La Guarida y se percat\u00f3 que una de las ventanas de la misma hab\u00eda sido forzada, pudiendo constatar luego, el faltante de un barrefondo, mobiliarios varios, bebidas, etc.<\/p>\n<p>  El damnificado, en comunicaci\u00f3n con la redacci\u00f3n de Pergamino Verdad, manifest\u00f3 que \u201cesta es la tercera vez que sufre un hecho de esta magnitud en la quinta desde el mes de agosto\u201d.<\/p>\n<p>  Los malvivientes antes de retirarse realizaron pintadas en alusi\u00f3n a la polic\u00eda por lo que se supone que el delito no habr\u00eda sido al azar.<\/p>\n<p>  Los mensajes: \u201cMuerte a la Polic\u00eda\u201d pude leerse en una de las paredes mientras que, en otra, pueden verse \u201clos 5 puntos\u201d que en el dialecto utilizado por convictos significa Muerte a la Polic\u00eda. <\/p>\n<p>Fuente: Pergamino Verdad (http:\/\/www.pergaminoverdad.com.ar)<\/p>\n","protected":false},"excerpt":{"rendered":"<p>El s\u00e1bado el efectivo policial que desempe\u00f1a tareas en la ciudad de Pergamino lleg\u00f3 a su quinta ubicada en la zona de La Guarida y se percat\u00f3 que una de las ventanas de la misma hab\u00eda sido forzada, pudiendo constatar luego, el faltante de un barrefondo, mobiliarios varios, bebidas, etc. El damnificado, en comunicaci\u00f3n con [&hellip;]<\/p>\n","protected":false},"author":4,"featured_media":26596,"comment_status":"open","ping_status":"closed","sticky":false,"template":"","format":"standard","meta":{"om_disable_all_campaigns":false,"_jetpack_memberships_contains_paid_content":false,"footnotes":""},"categories":[621],"tags":[],"class_list":["post-26594","post","type-post","status-publish","format-standard","has-post-thumbnail","hentry","category-regionales"],"aioseo_notices":[],"gutentor_comment":0,"jetpack_featured_media_url":"https:\/\/eldiariodesanpedro.com.ar\/sitio\/wp-content\/uploads\/2017\/12\/La-reja-forzada.jpg","jetpack_shortlink":"https:\/\/wp.me\/p6RhLt-6UW","jetpack_sharing_enabled":true,"_links":{"self":[{"href":"https:\/\/eldiariodesanpedro.com.ar\/sitio\/wp-json\/wp\/v2\/posts\/26594","targetHints":{"allow":["GET"]}}],"collection":[{"href":"https:\/\/eldiariodesanpedro.com.ar\/sitio\/wp-json\/wp\/v2\/posts"}],"about":[{"href":"https:\/\/eldiariodesanpedro.com.ar\/sitio\/wp-json\/wp\/v2\/types\/post"}],"author":[{"embeddable":true,"href":"https:\/\/eldiariodesanpedro.com.ar\/sitio\/wp-json\/wp\/v2\/users\/4"}],"replies":[{"embeddable":true,"href":"https:\/\/eldiariodesanpedro.com.ar\/sitio\/wp-json\/wp\/v2\/comments?post=26594"}],"version-history":[{"count":1,"href":"https:\/\/eldiariodesanpedro.com.ar\/sitio\/wp-json\/wp\/v2\/posts\/26594\/revisions"}],"predecessor-version":[{"id":26598,"href":"https:\/\/eldiariodesanpedro.com.ar\/sitio\/wp-json\/wp\/v2\/posts\/26594\/revisions\/26598"}],"wp:featuredmedia":[{"embeddable":true,"href":"https:\/\/eldiariodesanpedro.com.ar\/sitio\/wp-json\/wp\/v2\/media\/26596"}],"wp:attachment":[{"href":"https:\/\/eldiariodesanpedro.com.ar\/sitio\/wp-json\/wp\/v2\/media?parent=26594"}],"wp:term":[{"taxonomy":"category","embeddable":true,"href":"https:\/\/eldiariodesanpedro.com.ar\/sitio\/wp-json\/wp\/v2\/categories?post=26594"},{"taxonomy":"post_tag","embeddable":true,"href":"https:\/\/eldiariodesanpedro.com.ar\/sitio\/wp-json\/wp\/v2\/tags?post=26594"}],"curies":[{"name":"wp","href":"https:\/\/api.w.org\/{rel}","templated":true}]}}