{"id":26592,"date":"2017-12-06T20:09:08","date_gmt":"2017-12-06T23:09:08","guid":{"rendered":"https:\/\/eldiariodesanpedro.com.ar\/sitio\/?p=26592"},"modified":"2017-12-06T20:09:08","modified_gmt":"2017-12-06T23:09:08","slug":"campana-un-camion-choco-contra-un-alimentador-de-eden-y-dejo-sin-luz-a-varios-barrios","status":"publish","type":"post","link":"https:\/\/eldiariodesanpedro.com.ar\/sitio\/campana-un-camion-choco-contra-un-alimentador-de-eden-y-dejo-sin-luz-a-varios-barrios\/","title":{"rendered":"CAMPANA: Un cami\u00f3n choc\u00f3 contra un alimentador de EDEN y dej\u00f3 sin luz a varios barrios"},"content":{"rendered":"<p><!-- VideographyWP Plugin Message: Automatic video embedding prevented by plugin options. --><br \/>\n  Entre ellos, San Cayetano, San Luciano y Santa Luc\u00eda, pero tambi\u00e9n la zona del camino al Morej\u00f3n y Capilla del Se\u00f1or. Tras el incidente, personal de la empresa logr\u00f3 reestablecer el suministro tras once horas de trabajo.<\/p>\n<p>  La empresa EDEN inform\u00f3 que, a ra\u00edz de la embestida de un cami\u00f3n contra una estructura del Alimentador 4-33 Hurlingham de media tensi\u00f3n, se vio afectado el suministro el\u00e9ctrico de los barrios San Cayetano, San Luciano, Santa Luc\u00eda, Balneario, el sector industrial camino al Morej\u00f3n y Capilla del Se\u00f1or.<\/p>\n<p>  Seg\u00fan explicaron, inmediatamente ocurrido el siniestro personal de EDEN se dispuso a trabajar en forma ininterrumpida para la pronta normalizaci\u00f3n del servicio que se complet\u00f3 a las 11 hs.<\/p>\n<p>  No obstante, la Empresa puso a disposici\u00f3n de sus usuarios la l\u00ednea gratuita para realizar reclamos t\u00e9cnicos las 24 horas: 0800-999-3336. <\/p>\n<p>Fuente: Campana Noticias (http:\/\/www.campananoticias.com)<\/p>\n","protected":false},"excerpt":{"rendered":"<p>Entre ellos, San Cayetano, San Luciano y Santa Luc\u00eda, pero tambi\u00e9n la zona del camino al Morej\u00f3n y Capilla del Se\u00f1or. Tras el incidente, personal de la empresa logr\u00f3 reestablecer el suministro tras once horas de trabajo. La empresa EDEN inform\u00f3 que, a ra\u00edz de la embestida de un cami\u00f3n contra una estructura del Alimentador [&hellip;]<\/p>\n","protected":false},"author":4,"featured_media":26593,"comment_status":"open","ping_status":"closed","sticky":false,"template":"","format":"standard","meta":{"om_disable_all_campaigns":false,"_jetpack_memberships_contains_paid_content":false,"footnotes":""},"categories":[621],"tags":[],"class_list":["post-26592","post","type-post","status-publish","format-standard","has-post-thumbnail","hentry","category-regionales"],"aioseo_notices":[],"gutentor_comment":0,"jetpack_featured_media_url":"https:\/\/eldiariodesanpedro.com.ar\/sitio\/wp-content\/uploads\/2017\/12\/suministro-el\u00e9ctrico.jpg","jetpack_shortlink":"https:\/\/wp.me\/p6RhLt-6UU","jetpack_sharing_enabled":true,"_links":{"self":[{"href":"https:\/\/eldiariodesanpedro.com.ar\/sitio\/wp-json\/wp\/v2\/posts\/26592","targetHints":{"allow":["GET"]}}],"collection":[{"href":"https:\/\/eldiariodesanpedro.com.ar\/sitio\/wp-json\/wp\/v2\/posts"}],"about":[{"href":"https:\/\/eldiariodesanpedro.com.ar\/sitio\/wp-json\/wp\/v2\/types\/post"}],"author":[{"embeddable":true,"href":"https:\/\/eldiariodesanpedro.com.ar\/sitio\/wp-json\/wp\/v2\/users\/4"}],"replies":[{"embeddable":true,"href":"https:\/\/eldiariodesanpedro.com.ar\/sitio\/wp-json\/wp\/v2\/comments?post=26592"}],"version-history":[{"count":1,"href":"https:\/\/eldiariodesanpedro.com.ar\/sitio\/wp-json\/wp\/v2\/posts\/26592\/revisions"}],"predecessor-version":[{"id":26595,"href":"https:\/\/eldiariodesanpedro.com.ar\/sitio\/wp-json\/wp\/v2\/posts\/26592\/revisions\/26595"}],"wp:featuredmedia":[{"embeddable":true,"href":"https:\/\/eldiariodesanpedro.com.ar\/sitio\/wp-json\/wp\/v2\/media\/26593"}],"wp:attachment":[{"href":"https:\/\/eldiariodesanpedro.com.ar\/sitio\/wp-json\/wp\/v2\/media?parent=26592"}],"wp:term":[{"taxonomy":"category","embeddable":true,"href":"https:\/\/eldiariodesanpedro.com.ar\/sitio\/wp-json\/wp\/v2\/categories?post=26592"},{"taxonomy":"post_tag","embeddable":true,"href":"https:\/\/eldiariodesanpedro.com.ar\/sitio\/wp-json\/wp\/v2\/tags?post=26592"}],"curies":[{"name":"wp","href":"https:\/\/api.w.org\/{rel}","templated":true}]}}