{"id":26589,"date":"2017-12-06T19:36:04","date_gmt":"2017-12-06T22:36:04","guid":{"rendered":"https:\/\/eldiariodesanpedro.com.ar\/sitio\/?p=26589"},"modified":"2026-01-24T00:19:55","modified_gmt":"2026-01-24T03:19:55","slug":"automovilismo-ii-junior-solmi-a-un-paso-de-coronarse-campeon","status":"publish","type":"post","link":"https:\/\/eldiariodesanpedro.com.ar\/sitio\/automovilismo-ii-junior-solmi-a-un-paso-de-coronarse-campeon\/","title":{"rendered":"AUTOMOVILISMO II: Junior Solmi a un paso de coronarse campe\u00f3n"},"content":{"rendered":"<p><!-- VideographyWP Plugin Message: Automatic video embedding prevented by plugin options. --><br \/>\n  El sampedrino Junior Solmi esta a d\u00edas de su \u00faltima fecha en el Roberto Mouras de La Plata contando con amplias posibilidades de convertirse en su primer a\u00f1o en la categor\u00eda como campe\u00f3n nacional de la Copa Bora 1.8 T.<\/p>\n<p>  Una jornada completa con buenos tiempos se vivi\u00f3 en el Autodromo \u00abRoberto Mouras\u00bb de La Plata. La previa de la \u00faltima cita de la temporada y el buen balance del a\u00f1o atrajeron a nuevos pilotos para probar la adrenalina de un auto de la categor\u00eda.<\/p>\n<p>  En total fueron ocho los pilotos que giraron en la pista de 4265 metros con 13 vueltas cada uno en promedio. Como instructor estuvo el recocido ex piloto profesional \u00abTito\u00bb Urretavizcaya, que les brindo charlas t\u00e9cnicas y les mostr\u00f3 las mejores maniobras para conducir en este circuito.  <\/p>\n<p>  Algunos de los nombres que se presentaron a disfrutar de un auto de competici\u00f3n fueron Santiago Muzzo, Mat\u00edas Escobar, Juan Bernaza, entre otros debutantes. El mejor tiempo de ellos lo realiz\u00f3 Mat\u00edas Escobar con 1.52.055.<br \/>\n  Aprovechando que las condiciones se prestaban y pensando en la definici\u00f3n del campeonato, nuestros pilotos Junior Solmi y Norberto Blua probaron en el trazado platense.<\/p>\n<p>  Este venidero fin de semana, nuevos nombres estar\u00e1n presentes compitiendo con el resto de las filas de Copa Bora que saldr\u00e1n a buscar la victoria en una pista que compartir\u00e1n junto al Turismo Carretera. <\/p>\n<p>(Qendresa Solmi)<\/p>\n","protected":false},"excerpt":{"rendered":"<p>El sampedrino Junior Solmi esta a d\u00edas de su \u00faltima fecha en el Roberto Mouras de La Plata contando con amplias posibilidades de convertirse en su primer a\u00f1o en la categor\u00eda como campe\u00f3n nacional de la Copa Bora 1.8 T. Una jornada completa con buenos tiempos se vivi\u00f3 en el Autodromo \u00abRoberto Mouras\u00bb de La [&hellip;]<\/p>\n","protected":false},"author":4,"featured_media":26590,"comment_status":"open","ping_status":"closed","sticky":false,"template":"","format":"standard","meta":{"om_disable_all_campaigns":false,"_jetpack_memberships_contains_paid_content":false,"footnotes":""},"categories":[5],"tags":[],"class_list":["post-26589","post","type-post","status-publish","format-standard","has-post-thumbnail","hentry","category-deportes"],"aioseo_notices":[],"gutentor_comment":0,"jetpack_featured_media_url":"https:\/\/eldiariodesanpedro.com.ar\/sitio\/wp-content\/uploads\/2017\/12\/Junior-est\u00e1-cerca-de-festejar-a-lo-grande.jpg","jetpack_shortlink":"https:\/\/wp.me\/p6RhLt-6UR","jetpack_sharing_enabled":true,"_links":{"self":[{"href":"https:\/\/eldiariodesanpedro.com.ar\/sitio\/wp-json\/wp\/v2\/posts\/26589","targetHints":{"allow":["GET"]}}],"collection":[{"href":"https:\/\/eldiariodesanpedro.com.ar\/sitio\/wp-json\/wp\/v2\/posts"}],"about":[{"href":"https:\/\/eldiariodesanpedro.com.ar\/sitio\/wp-json\/wp\/v2\/types\/post"}],"author":[{"embeddable":true,"href":"https:\/\/eldiariodesanpedro.com.ar\/sitio\/wp-json\/wp\/v2\/users\/4"}],"replies":[{"embeddable":true,"href":"https:\/\/eldiariodesanpedro.com.ar\/sitio\/wp-json\/wp\/v2\/comments?post=26589"}],"version-history":[{"count":1,"href":"https:\/\/eldiariodesanpedro.com.ar\/sitio\/wp-json\/wp\/v2\/posts\/26589\/revisions"}],"predecessor-version":[{"id":26591,"href":"https:\/\/eldiariodesanpedro.com.ar\/sitio\/wp-json\/wp\/v2\/posts\/26589\/revisions\/26591"}],"wp:featuredmedia":[{"embeddable":true,"href":"https:\/\/eldiariodesanpedro.com.ar\/sitio\/wp-json\/wp\/v2\/media\/26590"}],"wp:attachment":[{"href":"https:\/\/eldiariodesanpedro.com.ar\/sitio\/wp-json\/wp\/v2\/media?parent=26589"}],"wp:term":[{"taxonomy":"category","embeddable":true,"href":"https:\/\/eldiariodesanpedro.com.ar\/sitio\/wp-json\/wp\/v2\/categories?post=26589"},{"taxonomy":"post_tag","embeddable":true,"href":"https:\/\/eldiariodesanpedro.com.ar\/sitio\/wp-json\/wp\/v2\/tags?post=26589"}],"curies":[{"name":"wp","href":"https:\/\/api.w.org\/{rel}","templated":true}]}}