{"id":261,"date":"2015-11-12T17:15:46","date_gmt":"2015-11-12T20:15:46","guid":{"rendered":"http:\/\/www.eldiariodesanpedro.com.ar\/?p=261"},"modified":"2015-11-12T17:21:23","modified_gmt":"2015-11-12T20:21:23","slug":"asueto-administrativo-por-el-dia-del-trabajador-municipal","status":"publish","type":"post","link":"https:\/\/eldiariodesanpedro.com.ar\/sitio\/asueto-administrativo-por-el-dia-del-trabajador-municipal\/","title":{"rendered":"Asueto Administrativo por el D\u00eda del Trabajador Municipal"},"content":{"rendered":"<p><!-- VideographyWP Plugin Message: Automatic video embedding prevented by plugin options. --><br \/>\nCon motivo de celebrarse el D\u00eda del Trabajador Municipal, Ma\u00f1ana\u00a0habr\u00e1 asueto administrativo. Por lo que la administraci\u00f3n p\u00fablica municipal, en todas sus dependencias, no atender\u00e1 al p\u00fablico.<br \/>\nA continuaci\u00f3n se detalla el decreto firmado por el Intendente Municipal Fabio Giovanettoni.<br \/>\nEl art\u00edculo N\u00ba 107 de la Ley N\u00ba 11.757 denominada \u201cEstatuto para el Personal de las Municipalidades de la Provincia de Buenos Aires\u201d; y CONSIDERANDO:<br \/>\nQue el citado art\u00edculo dispone reconocer como \u201cD\u00eda del Trabajador Municipal\u201d el d\u00eda 08 de Noviembre de cada a\u00f1o, debi\u00e9ndose acordar asueto con goce de sueldo;<br \/>\nQue en algunos a\u00f1os el mencionado d\u00eda, no es h\u00e1bil, motivo por el cual es prudente contemplar el esp\u00edritu del que originariamente dio a la creaci\u00f3n de este d\u00eda, teniendo en cuenta el requerimiento y fundamentos expresados por el Sindicato de Trabajadores Municipales;<br \/>\nQue por lo antedicho, y por Decreto 0950-2003 se acuerda Asueto Administrativo, con goce de haberes, a todo el personal municipal, el segundo viernes del mes de noviembre de cada a\u00f1o como \u201cD\u00eda del Trabajador Municipal\u201d;<br \/>\nPor todo ello: EL SE\u00d1OR INTENDENTE MUNICIPAL DE SAN PEDRO EN USO DE SUS ATRIBUCIONES D E C R E T A:<br \/>\nArt. 1.- Dese Asueto Administrativo el d\u00eda 13 de Noviembre de 2015, con goce de haberes, a todo el Personal Municipal, por el \u00abDIA DEL TRABAJADOR MUNICIPAL\u00bb.-<br \/>\nArt. 2.- Disp\u00f3ngase la atenci\u00f3n de servicios de guardias y urgencias.-<br \/>\nArt. 3.- El presente Decreto ser\u00e1 refrendado por el Se\u00f1or Secretario de Gobierno, Secretario de Econom\u00eda, Hacienda y Servicios P\u00fablicos.-<br \/>\nArt. 4. &#8211; Comun\u00edquese a quienes corresponda, d\u00e9se al Registro Oficial y arch\u00edvese.-<\/p>\n","protected":false},"excerpt":{"rendered":"<p>Con motivo de celebrarse el D\u00eda del Trabajador Municipal, Ma\u00f1ana\u00a0habr\u00e1 asueto administrativo. Por lo que la administraci\u00f3n p\u00fablica municipal, en todas sus dependencias, no atender\u00e1 al p\u00fablico. A continuaci\u00f3n se detalla el decreto firmado por el Intendente Municipal Fabio Giovanettoni. El art\u00edculo N\u00ba 107 de la Ley N\u00ba 11.757 denominada \u201cEstatuto para el Personal de [&hellip;]<\/p>\n","protected":false},"author":4,"featured_media":265,"comment_status":"open","ping_status":"closed","sticky":false,"template":"","format":"standard","meta":{"om_disable_all_campaigns":false,"_jetpack_memberships_contains_paid_content":false,"footnotes":""},"categories":[50,101,2],"tags":[],"class_list":["post-261","post","type-post","status-publish","format-standard","has-post-thumbnail","hentry","category-destacadas","category-interes-general-locales","category-locales"],"aioseo_notices":[],"gutentor_comment":0,"jetpack_featured_media_url":"https:\/\/eldiariodesanpedro.com.ar\/sitio\/wp-content\/uploads\/2015\/11\/Municipalidad-11.jpg","jetpack_shortlink":"https:\/\/wp.me\/p6RhLt-4d","jetpack_sharing_enabled":true,"_links":{"self":[{"href":"https:\/\/eldiariodesanpedro.com.ar\/sitio\/wp-json\/wp\/v2\/posts\/261","targetHints":{"allow":["GET"]}}],"collection":[{"href":"https:\/\/eldiariodesanpedro.com.ar\/sitio\/wp-json\/wp\/v2\/posts"}],"about":[{"href":"https:\/\/eldiariodesanpedro.com.ar\/sitio\/wp-json\/wp\/v2\/types\/post"}],"author":[{"embeddable":true,"href":"https:\/\/eldiariodesanpedro.com.ar\/sitio\/wp-json\/wp\/v2\/users\/4"}],"replies":[{"embeddable":true,"href":"https:\/\/eldiariodesanpedro.com.ar\/sitio\/wp-json\/wp\/v2\/comments?post=261"}],"version-history":[{"count":1,"href":"https:\/\/eldiariodesanpedro.com.ar\/sitio\/wp-json\/wp\/v2\/posts\/261\/revisions"}],"predecessor-version":[{"id":264,"href":"https:\/\/eldiariodesanpedro.com.ar\/sitio\/wp-json\/wp\/v2\/posts\/261\/revisions\/264"}],"wp:featuredmedia":[{"embeddable":true,"href":"https:\/\/eldiariodesanpedro.com.ar\/sitio\/wp-json\/wp\/v2\/media\/265"}],"wp:attachment":[{"href":"https:\/\/eldiariodesanpedro.com.ar\/sitio\/wp-json\/wp\/v2\/media?parent=261"}],"wp:term":[{"taxonomy":"category","embeddable":true,"href":"https:\/\/eldiariodesanpedro.com.ar\/sitio\/wp-json\/wp\/v2\/categories?post=261"},{"taxonomy":"post_tag","embeddable":true,"href":"https:\/\/eldiariodesanpedro.com.ar\/sitio\/wp-json\/wp\/v2\/tags?post=261"}],"curies":[{"name":"wp","href":"https:\/\/api.w.org\/{rel}","templated":true}]}}