{"id":257,"date":"2015-11-12T17:11:56","date_gmt":"2015-11-12T20:11:56","guid":{"rendered":"http:\/\/www.eldiariodesanpedro.com.ar\/?p=257"},"modified":"2015-11-12T17:11:56","modified_gmt":"2015-11-12T20:11:56","slug":"carolina-franchini-jorge-motto-en-concierto","status":"publish","type":"post","link":"https:\/\/eldiariodesanpedro.com.ar\/sitio\/carolina-franchini-jorge-motto-en-concierto\/","title":{"rendered":"Carolina Franchini &#8211; Jorge Motto en CONCIERTO"},"content":{"rendered":"<p><!-- VideographyWP Plugin Message: Automatic video embedding prevented by plugin options. --><br \/>\nLa cantante y el pianista brindar\u00e1n un concierto de m\u00fasica popular con un repertorio que re\u00fane diversos estilos musicales. Un recorrido por las grandes canciones del Jazz , del g\u00e9nero Clasicall Crossover y tambi\u00e9n del rock nacional.<br \/>\nDurante largos meses han trabajado en este repertorio para brindar al p\u00fablico un concierto de calidad y versatilidad musical. El trabajo musical que se realiz\u00f3 incluye arreglos musicales propios a cargo del Pianista Jorge Motto. Tambi\u00e9n habr\u00e1 artistas invitados.<br \/>\nEl concierto tendr\u00e1 lugar en la Biblioteca popular \u00abRafael Obligado\u00bb , el s\u00e1bado 5 de diciembre a las 21hs.<br \/>\nLas entradas tienen un valor de $60 y pueden adquirirse comunic\u00e1ndose por v\u00eda telef\u00f3nica (3329 15626866- Carolina Franchini. 3329 15558811- Jorge Motto) o por mensaje privado.<\/p>\n","protected":false},"excerpt":{"rendered":"<p>La cantante y el pianista brindar\u00e1n un concierto de m\u00fasica popular con un repertorio que re\u00fane diversos estilos musicales. Un recorrido por las grandes canciones del Jazz , del g\u00e9nero Clasicall Crossover y tambi\u00e9n del rock nacional. Durante largos meses han trabajado en este repertorio para brindar al p\u00fablico un concierto de calidad y versatilidad [&hellip;]<\/p>\n","protected":false},"author":4,"featured_media":259,"comment_status":"open","ping_status":"closed","sticky":false,"template":"","format":"standard","meta":{"om_disable_all_campaigns":false,"_jetpack_memberships_contains_paid_content":false,"footnotes":""},"categories":[101,2],"tags":[],"class_list":["post-257","post","type-post","status-publish","format-standard","has-post-thumbnail","hentry","category-interes-general-locales","category-locales"],"aioseo_notices":[],"gutentor_comment":0,"jetpack_featured_media_url":"https:\/\/eldiariodesanpedro.com.ar\/sitio\/wp-content\/uploads\/2015\/11\/PAGINA-6.jpg","jetpack_shortlink":"https:\/\/wp.me\/p6RhLt-49","jetpack_sharing_enabled":true,"_links":{"self":[{"href":"https:\/\/eldiariodesanpedro.com.ar\/sitio\/wp-json\/wp\/v2\/posts\/257","targetHints":{"allow":["GET"]}}],"collection":[{"href":"https:\/\/eldiariodesanpedro.com.ar\/sitio\/wp-json\/wp\/v2\/posts"}],"about":[{"href":"https:\/\/eldiariodesanpedro.com.ar\/sitio\/wp-json\/wp\/v2\/types\/post"}],"author":[{"embeddable":true,"href":"https:\/\/eldiariodesanpedro.com.ar\/sitio\/wp-json\/wp\/v2\/users\/4"}],"replies":[{"embeddable":true,"href":"https:\/\/eldiariodesanpedro.com.ar\/sitio\/wp-json\/wp\/v2\/comments?post=257"}],"version-history":[{"count":1,"href":"https:\/\/eldiariodesanpedro.com.ar\/sitio\/wp-json\/wp\/v2\/posts\/257\/revisions"}],"predecessor-version":[{"id":260,"href":"https:\/\/eldiariodesanpedro.com.ar\/sitio\/wp-json\/wp\/v2\/posts\/257\/revisions\/260"}],"wp:featuredmedia":[{"embeddable":true,"href":"https:\/\/eldiariodesanpedro.com.ar\/sitio\/wp-json\/wp\/v2\/media\/259"}],"wp:attachment":[{"href":"https:\/\/eldiariodesanpedro.com.ar\/sitio\/wp-json\/wp\/v2\/media?parent=257"}],"wp:term":[{"taxonomy":"category","embeddable":true,"href":"https:\/\/eldiariodesanpedro.com.ar\/sitio\/wp-json\/wp\/v2\/categories?post=257"},{"taxonomy":"post_tag","embeddable":true,"href":"https:\/\/eldiariodesanpedro.com.ar\/sitio\/wp-json\/wp\/v2\/tags?post=257"}],"curies":[{"name":"wp","href":"https:\/\/api.w.org\/{rel}","templated":true}]}}