{"id":253,"date":"2015-11-12T17:07:55","date_gmt":"2015-11-12T20:07:55","guid":{"rendered":"http:\/\/www.eldiariodesanpedro.com.ar\/?p=253"},"modified":"2015-11-12T17:07:55","modified_gmt":"2015-11-12T20:07:55","slug":"continua-el-curso-del-inta-todo-sobre-apicultura","status":"publish","type":"post","link":"https:\/\/eldiariodesanpedro.com.ar\/sitio\/continua-el-curso-del-inta-todo-sobre-apicultura\/","title":{"rendered":"Contin\u00faa el curso del INTA: \u201cTodo sobre apicultura\u201d"},"content":{"rendered":"<p><!-- VideographyWP Plugin Message: Automatic video embedding prevented by plugin options. --><br \/>\nHasta el 19 de diciembre, se dictar\u00e1 un curso sobre apicultura todos los viernes y s\u00e1bados en el INTA San Pedro. El mismo es parte de un convenio con FECOAPI y RENATEA, y una oportunidad para introducirse o mejorar las pr\u00e1cticas en una actividad con buenas perspectivas.<br \/>\nEl curso ser\u00e1 dictado por t\u00e9cnicos de la FECOAPI y del INTA. Est\u00e1 destinado en primer lugar a trabajadores rurales e integrantes de grupos ap\u00edcolas de Cambio Rural II, y luego para productores que a\u00fan no hayan tenido la oportunidad de capacitarse. La prioridad es para quienes ya est\u00e1n en la actividad, pero tambi\u00e9n puede participar alguien que no conozca del tema.<br \/>\nLos organizadores remarcaron que \u201cno hay antecedentes en este tipo de cursos, que sea gratuito y orientado a esta poblaci\u00f3n\u201d. El mismo se realizar\u00e1 en la Agencia de Extensi\u00f3n y en la Estaci\u00f3n Experimental del INTA San Pedro, constando de clases te\u00f3ricas y pr\u00e1cticas. \u201cAdem\u00e1s se entrega material de estudio y de ropa de trabajo\u201d, explicaron.<br \/>\nLos encuentros ser\u00e1n los d\u00edas viernes de 18:30 a 21 en las instalaciones de la Agencia de Extensi\u00f3n Rural San Pedro y los s\u00e1bados entre las 9 y las 12 en la Estaci\u00f3n Experimental Agropecuaria del INTA San Pedro. Ser\u00e1n 16 clases y alcanzar\u00e1n las 60 hs, por las que los participantes recibir\u00e1n un certificado.<\/p>\n","protected":false},"excerpt":{"rendered":"<p>Hasta el 19 de diciembre, se dictar\u00e1 un curso sobre apicultura todos los viernes y s\u00e1bados en el INTA San Pedro. El mismo es parte de un convenio con FECOAPI y RENATEA, y una oportunidad para introducirse o mejorar las pr\u00e1cticas en una actividad con buenas perspectivas. El curso ser\u00e1 dictado por t\u00e9cnicos de la [&hellip;]<\/p>\n","protected":false},"author":4,"featured_media":255,"comment_status":"open","ping_status":"closed","sticky":false,"template":"","format":"standard","meta":{"om_disable_all_campaigns":false,"_jetpack_memberships_contains_paid_content":false,"footnotes":""},"categories":[101,2],"tags":[],"class_list":["post-253","post","type-post","status-publish","format-standard","has-post-thumbnail","hentry","category-interes-general-locales","category-locales"],"aioseo_notices":[],"gutentor_comment":0,"jetpack_featured_media_url":"https:\/\/eldiariodesanpedro.com.ar\/sitio\/wp-content\/uploads\/2015\/11\/Apicultores.jpg","jetpack_shortlink":"https:\/\/wp.me\/p6RhLt-45","jetpack_sharing_enabled":true,"_links":{"self":[{"href":"https:\/\/eldiariodesanpedro.com.ar\/sitio\/wp-json\/wp\/v2\/posts\/253","targetHints":{"allow":["GET"]}}],"collection":[{"href":"https:\/\/eldiariodesanpedro.com.ar\/sitio\/wp-json\/wp\/v2\/posts"}],"about":[{"href":"https:\/\/eldiariodesanpedro.com.ar\/sitio\/wp-json\/wp\/v2\/types\/post"}],"author":[{"embeddable":true,"href":"https:\/\/eldiariodesanpedro.com.ar\/sitio\/wp-json\/wp\/v2\/users\/4"}],"replies":[{"embeddable":true,"href":"https:\/\/eldiariodesanpedro.com.ar\/sitio\/wp-json\/wp\/v2\/comments?post=253"}],"version-history":[{"count":1,"href":"https:\/\/eldiariodesanpedro.com.ar\/sitio\/wp-json\/wp\/v2\/posts\/253\/revisions"}],"predecessor-version":[{"id":256,"href":"https:\/\/eldiariodesanpedro.com.ar\/sitio\/wp-json\/wp\/v2\/posts\/253\/revisions\/256"}],"wp:featuredmedia":[{"embeddable":true,"href":"https:\/\/eldiariodesanpedro.com.ar\/sitio\/wp-json\/wp\/v2\/media\/255"}],"wp:attachment":[{"href":"https:\/\/eldiariodesanpedro.com.ar\/sitio\/wp-json\/wp\/v2\/media?parent=253"}],"wp:term":[{"taxonomy":"category","embeddable":true,"href":"https:\/\/eldiariodesanpedro.com.ar\/sitio\/wp-json\/wp\/v2\/categories?post=253"},{"taxonomy":"post_tag","embeddable":true,"href":"https:\/\/eldiariodesanpedro.com.ar\/sitio\/wp-json\/wp\/v2\/tags?post=253"}],"curies":[{"name":"wp","href":"https:\/\/api.w.org\/{rel}","templated":true}]}}