{"id":249,"date":"2015-11-12T17:03:42","date_gmt":"2015-11-12T20:03:42","guid":{"rendered":"http:\/\/www.eldiariodesanpedro.com.ar\/?p=249"},"modified":"2015-11-12T17:03:42","modified_gmt":"2015-11-12T20:03:42","slug":"encuentran-a-dos-menores-desaparecidos","status":"publish","type":"post","link":"https:\/\/eldiariodesanpedro.com.ar\/sitio\/encuentran-a-dos-menores-desaparecidos\/","title":{"rendered":"Encuentran a dos menores desaparecidos"},"content":{"rendered":"<p><!-- VideographyWP Plugin Message: Automatic video embedding prevented by plugin options. --><br \/>\nEl mi\u00e9rcoles por la noche se mont\u00f3 un operativo por parte de la polic\u00eda para dar con dos menores, de 12 y 13 a\u00f1os, que se hab\u00edan ausentado de sus hogares. Las mismas faltaban desde horas de la madrugada.<br \/>\nSus progenitoras, las que realizaron la denuncia en la comisar\u00eda local, daban cuenta que \u201chab\u00edan agotado por medios propios lugares posibles, pero creyendo que estar\u00edan en la ciudad deambulando\u201d, seg\u00fan consta en el parte policial.<br \/>\nLuego fueron halladas en camino el Lucio Mansilla y Callej\u00f3n Vecinal Zona Rural. Personal policial las individualiz\u00f3 cuando caminaban por el lugar, se encontraban en perfecto estado de salud y de all\u00ed fueron trasladadas a sede policial.<\/p>\n","protected":false},"excerpt":{"rendered":"<p>El mi\u00e9rcoles por la noche se mont\u00f3 un operativo por parte de la polic\u00eda para dar con dos menores, de 12 y 13 a\u00f1os, que se hab\u00edan ausentado de sus hogares. Las mismas faltaban desde horas de la madrugada. Sus progenitoras, las que realizaron la denuncia en la comisar\u00eda local, daban cuenta que \u201chab\u00edan agotado [&hellip;]<\/p>\n","protected":false},"author":4,"featured_media":251,"comment_status":"open","ping_status":"closed","sticky":false,"template":"","format":"standard","meta":{"om_disable_all_campaigns":false,"_jetpack_memberships_contains_paid_content":false,"footnotes":""},"categories":[101,2],"tags":[],"class_list":["post-249","post","type-post","status-publish","format-standard","has-post-thumbnail","hentry","category-interes-general-locales","category-locales"],"aioseo_notices":[],"gutentor_comment":0,"jetpack_featured_media_url":"https:\/\/eldiariodesanpedro.com.ar\/sitio\/wp-content\/uploads\/2015\/11\/patrullero.jpg","jetpack_shortlink":"https:\/\/wp.me\/p6RhLt-41","jetpack_sharing_enabled":true,"_links":{"self":[{"href":"https:\/\/eldiariodesanpedro.com.ar\/sitio\/wp-json\/wp\/v2\/posts\/249","targetHints":{"allow":["GET"]}}],"collection":[{"href":"https:\/\/eldiariodesanpedro.com.ar\/sitio\/wp-json\/wp\/v2\/posts"}],"about":[{"href":"https:\/\/eldiariodesanpedro.com.ar\/sitio\/wp-json\/wp\/v2\/types\/post"}],"author":[{"embeddable":true,"href":"https:\/\/eldiariodesanpedro.com.ar\/sitio\/wp-json\/wp\/v2\/users\/4"}],"replies":[{"embeddable":true,"href":"https:\/\/eldiariodesanpedro.com.ar\/sitio\/wp-json\/wp\/v2\/comments?post=249"}],"version-history":[{"count":1,"href":"https:\/\/eldiariodesanpedro.com.ar\/sitio\/wp-json\/wp\/v2\/posts\/249\/revisions"}],"predecessor-version":[{"id":252,"href":"https:\/\/eldiariodesanpedro.com.ar\/sitio\/wp-json\/wp\/v2\/posts\/249\/revisions\/252"}],"wp:featuredmedia":[{"embeddable":true,"href":"https:\/\/eldiariodesanpedro.com.ar\/sitio\/wp-json\/wp\/v2\/media\/251"}],"wp:attachment":[{"href":"https:\/\/eldiariodesanpedro.com.ar\/sitio\/wp-json\/wp\/v2\/media?parent=249"}],"wp:term":[{"taxonomy":"category","embeddable":true,"href":"https:\/\/eldiariodesanpedro.com.ar\/sitio\/wp-json\/wp\/v2\/categories?post=249"},{"taxonomy":"post_tag","embeddable":true,"href":"https:\/\/eldiariodesanpedro.com.ar\/sitio\/wp-json\/wp\/v2\/tags?post=249"}],"curies":[{"name":"wp","href":"https:\/\/api.w.org\/{rel}","templated":true}]}}