{"id":245,"date":"2015-11-12T17:02:08","date_gmt":"2015-11-12T20:02:08","guid":{"rendered":"http:\/\/www.eldiariodesanpedro.com.ar\/?p=245"},"modified":"2015-11-12T17:02:08","modified_gmt":"2015-11-12T20:02:08","slug":"accidente-entre-un-auto-y-una-camioneta","status":"publish","type":"post","link":"https:\/\/eldiariodesanpedro.com.ar\/sitio\/accidente-entre-un-auto-y-una-camioneta\/","title":{"rendered":"Accidente entre un auto y una camioneta"},"content":{"rendered":"<p><!-- VideographyWP Plugin Message: Automatic video embedding prevented by plugin options. --><br \/>\nPromediando las 7. 30 hs. de ayer, se produjo en la esquina de Bottaro y Bv. Moreno un accidente de tr\u00e1nsito. El mismo fue protagonizado por una camioneta VW Amarok y un Renault Clio.<br \/>\nComo consecuencia del fuerte impacto el rodado menor termin\u00f3 subido sobre el cantero central de la avenida. Su conductor fue derivado a la guardia del Hospital donde se dictamin\u00f3 que sufri\u00f3 heridas de consideraci\u00f3n leves.<\/p>\n","protected":false},"excerpt":{"rendered":"<p>Promediando las 7. 30 hs. de ayer, se produjo en la esquina de Bottaro y Bv. Moreno un accidente de tr\u00e1nsito. El mismo fue protagonizado por una camioneta VW Amarok y un Renault Clio. Como consecuencia del fuerte impacto el rodado menor termin\u00f3 subido sobre el cantero central de la avenida. Su conductor fue derivado [&hellip;]<\/p>\n","protected":false},"author":4,"featured_media":247,"comment_status":"open","ping_status":"closed","sticky":false,"template":"","format":"standard","meta":{"om_disable_all_campaigns":false,"_jetpack_memberships_contains_paid_content":false,"footnotes":""},"categories":[2,103],"tags":[],"class_list":["post-245","post","type-post","status-publish","format-standard","has-post-thumbnail","hentry","category-locales","category-policiales-locales"],"aioseo_notices":[],"gutentor_comment":0,"jetpack_featured_media_url":"https:\/\/eldiariodesanpedro.com.ar\/sitio\/wp-content\/uploads\/2015\/11\/patrullero-cruzado-calle.jpg","jetpack_shortlink":"https:\/\/wp.me\/p6RhLt-3X","jetpack_sharing_enabled":true,"_links":{"self":[{"href":"https:\/\/eldiariodesanpedro.com.ar\/sitio\/wp-json\/wp\/v2\/posts\/245","targetHints":{"allow":["GET"]}}],"collection":[{"href":"https:\/\/eldiariodesanpedro.com.ar\/sitio\/wp-json\/wp\/v2\/posts"}],"about":[{"href":"https:\/\/eldiariodesanpedro.com.ar\/sitio\/wp-json\/wp\/v2\/types\/post"}],"author":[{"embeddable":true,"href":"https:\/\/eldiariodesanpedro.com.ar\/sitio\/wp-json\/wp\/v2\/users\/4"}],"replies":[{"embeddable":true,"href":"https:\/\/eldiariodesanpedro.com.ar\/sitio\/wp-json\/wp\/v2\/comments?post=245"}],"version-history":[{"count":1,"href":"https:\/\/eldiariodesanpedro.com.ar\/sitio\/wp-json\/wp\/v2\/posts\/245\/revisions"}],"predecessor-version":[{"id":248,"href":"https:\/\/eldiariodesanpedro.com.ar\/sitio\/wp-json\/wp\/v2\/posts\/245\/revisions\/248"}],"wp:featuredmedia":[{"embeddable":true,"href":"https:\/\/eldiariodesanpedro.com.ar\/sitio\/wp-json\/wp\/v2\/media\/247"}],"wp:attachment":[{"href":"https:\/\/eldiariodesanpedro.com.ar\/sitio\/wp-json\/wp\/v2\/media?parent=245"}],"wp:term":[{"taxonomy":"category","embeddable":true,"href":"https:\/\/eldiariodesanpedro.com.ar\/sitio\/wp-json\/wp\/v2\/categories?post=245"},{"taxonomy":"post_tag","embeddable":true,"href":"https:\/\/eldiariodesanpedro.com.ar\/sitio\/wp-json\/wp\/v2\/tags?post=245"}],"curies":[{"name":"wp","href":"https:\/\/api.w.org\/{rel}","templated":true}]}}