{"id":235,"date":"2015-11-12T16:47:15","date_gmt":"2015-11-12T19:47:15","guid":{"rendered":"http:\/\/www.eldiariodesanpedro.com.ar\/?p=235"},"modified":"2015-11-12T16:53:54","modified_gmt":"2015-11-12T19:53:54","slug":"un-nene-habria-recibido-una-descarga-electrica","status":"publish","type":"post","link":"https:\/\/eldiariodesanpedro.com.ar\/sitio\/un-nene-habria-recibido-una-descarga-electrica\/","title":{"rendered":"Un nene habr\u00eda recibido una descarga electrica"},"content":{"rendered":"<p><!-- VideographyWP Plugin Message: Automatic video embedding prevented by plugin options. --><br \/>\n<a href=\"https:\/\/eldiariodesanpedro.com.ar\/sitio\/wp-content\/uploads\/2015\/11\/PAGINA-4.jpg\"><img decoding=\"async\" data-attachment-id=\"237\" data-permalink=\"https:\/\/eldiariodesanpedro.com.ar\/sitio\/un-nene-habria-recibido-una-descarga-electrica\/pagina-4\/\" data-orig-file=\"https:\/\/eldiariodesanpedro.com.ar\/sitio\/wp-content\/uploads\/2015\/11\/PAGINA-4.jpg\" data-orig-size=\"495,192\" data-comments-opened=\"1\" data-image-meta=\"{&quot;aperture&quot;:&quot;0&quot;,&quot;credit&quot;:&quot;&quot;,&quot;camera&quot;:&quot;&quot;,&quot;caption&quot;:&quot;&quot;,&quot;created_timestamp&quot;:&quot;0&quot;,&quot;copyright&quot;:&quot;&quot;,&quot;focal_length&quot;:&quot;0&quot;,&quot;iso&quot;:&quot;0&quot;,&quot;shutter_speed&quot;:&quot;0&quot;,&quot;title&quot;:&quot;&quot;,&quot;orientation&quot;:&quot;0&quot;}\" data-image-title=\"PAGINA 4\" data-image-description=\"\" data-image-caption=\"\" data-large-file=\"https:\/\/eldiariodesanpedro.com.ar\/sitio\/wp-content\/uploads\/2015\/11\/PAGINA-4.jpg\" class=\"alignnone size-full wp-image-237 lazyload\" data-src=\"https:\/\/eldiariodesanpedro.com.ar\/sitio\/wp-content\/uploads\/2015\/11\/PAGINA-4.jpg\" alt=\"PAGINA 4\" width=\"495\" height=\"192\" data-srcset=\"https:\/\/eldiariodesanpedro.com.ar\/sitio\/wp-content\/uploads\/2015\/11\/PAGINA-4.jpg 495w, https:\/\/eldiariodesanpedro.com.ar\/sitio\/wp-content\/uploads\/2015\/11\/PAGINA-4-300x116.jpg 300w\" data-sizes=\"(max-width: 495px) 100vw, 495px\" src=\"data:image\/svg+xml;base64,PHN2ZyB3aWR0aD0iMSIgaGVpZ2h0PSIxIiB4bWxucz0iaHR0cDovL3d3dy53My5vcmcvMjAwMC9zdmciPjwvc3ZnPg==\" style=\"--smush-placeholder-width: 495px; --smush-placeholder-aspect-ratio: 495\/192;\" \/><\/a><\/p>\n<p>Preocupaci\u00f3n por la instalaci\u00f3n de un cerco electrificado en una vivienda lindera a la Escuela 10.<\/p>\n<p>Un grupo de mam\u00e1s de un alumnos de la Escuela 10 denunci\u00f3 a trav\u00e9s de la red social lo sucedido. \u201cCon los chicos no\u201d, se\u00f1al\u00f3, al tiempo que advirti\u00f3: \u201cLa vecina de dicha escuela puso un boyero, porque le molestan los gritos\u201d y \u201chay un nene que recibi\u00f3 una descarga\u201d, asever\u00f3.<br \/>\nEsto gener\u00f3 la alerta a trav\u00e9s de Facebook y seg\u00fan trascendi\u00f3 habr\u00e1 una reuni\u00f3n para pedir a las autoridades que tomen medida \u201cantes que se produzca una desgracia\u201d.<br \/>\nEn ese sentido, el presidente del Consejo Escolar, gustavo Liloff cont\u00f3 a este medio: \u201cLa Directora me transmiti\u00f3 que el boyero est\u00e1 en el patio de la vecina y que hay que cruzar el alambrado de la escuela para llegar hasta ah\u00ed\u201d. En tanto que inst\u00f3 a las autoridades escolares a realizar la exposici\u00f3n en la polic\u00eda \u201csi ve\u00edan peligro para los estudiantes\u201d. Sino el propio Liloff lo har\u00e1 llegado el caso.<br \/>\nEste elementos se utiliza en general para realizar subdivisiones en campos con el objeto de mantener el ganado en un \u00e1rea preestablecida. Tambi\u00e9n es usado en forma dom\u00e9stica en los patios de las vivienda para animales y en los \u00faltimos tiempos tambi\u00e9n para evitar el ingreso de intrusos a su propiedad. Esto generar\u00eda una leve descarga el\u00e9ctrica que no causa da\u00f1o, aseguran las empresas que colocan este tipo de cercos.<\/p>\n","protected":false},"excerpt":{"rendered":"<p>Preocupaci\u00f3n por la instalaci\u00f3n de un cerco electrificado en una vivienda lindera a la Escuela 10. Un grupo de mam\u00e1s de un alumnos de la Escuela 10 denunci\u00f3 a trav\u00e9s de la red social lo sucedido. \u201cCon los chicos no\u201d, se\u00f1al\u00f3, al tiempo que advirti\u00f3: \u201cLa vecina de dicha escuela puso un boyero, porque le [&hellip;]<\/p>\n","protected":false},"author":4,"featured_media":0,"comment_status":"open","ping_status":"closed","sticky":false,"template":"","format":"standard","meta":{"om_disable_all_campaigns":false,"_jetpack_memberships_contains_paid_content":false,"footnotes":""},"categories":[101,2],"tags":[],"class_list":["post-235","post","type-post","status-publish","format-standard","hentry","category-interes-general-locales","category-locales"],"aioseo_notices":[],"gutentor_comment":0,"jetpack_featured_media_url":"","jetpack_shortlink":"https:\/\/wp.me\/p6RhLt-3N","jetpack_sharing_enabled":true,"_links":{"self":[{"href":"https:\/\/eldiariodesanpedro.com.ar\/sitio\/wp-json\/wp\/v2\/posts\/235","targetHints":{"allow":["GET"]}}],"collection":[{"href":"https:\/\/eldiariodesanpedro.com.ar\/sitio\/wp-json\/wp\/v2\/posts"}],"about":[{"href":"https:\/\/eldiariodesanpedro.com.ar\/sitio\/wp-json\/wp\/v2\/types\/post"}],"author":[{"embeddable":true,"href":"https:\/\/eldiariodesanpedro.com.ar\/sitio\/wp-json\/wp\/v2\/users\/4"}],"replies":[{"embeddable":true,"href":"https:\/\/eldiariodesanpedro.com.ar\/sitio\/wp-json\/wp\/v2\/comments?post=235"}],"version-history":[{"count":3,"href":"https:\/\/eldiariodesanpedro.com.ar\/sitio\/wp-json\/wp\/v2\/posts\/235\/revisions"}],"predecessor-version":[{"id":240,"href":"https:\/\/eldiariodesanpedro.com.ar\/sitio\/wp-json\/wp\/v2\/posts\/235\/revisions\/240"}],"wp:attachment":[{"href":"https:\/\/eldiariodesanpedro.com.ar\/sitio\/wp-json\/wp\/v2\/media?parent=235"}],"wp:term":[{"taxonomy":"category","embeddable":true,"href":"https:\/\/eldiariodesanpedro.com.ar\/sitio\/wp-json\/wp\/v2\/categories?post=235"},{"taxonomy":"post_tag","embeddable":true,"href":"https:\/\/eldiariodesanpedro.com.ar\/sitio\/wp-json\/wp\/v2\/tags?post=235"}],"curies":[{"name":"wp","href":"https:\/\/api.w.org\/{rel}","templated":true}]}}