{"id":231,"date":"2015-11-12T16:44:47","date_gmt":"2015-11-12T19:44:47","guid":{"rendered":"http:\/\/www.eldiariodesanpedro.com.ar\/?p=231"},"modified":"2015-11-12T16:51:44","modified_gmt":"2015-11-12T19:51:44","slug":"salazar-junto-a-vidal","status":"publish","type":"post","link":"https:\/\/eldiariodesanpedro.com.ar\/sitio\/salazar-junto-a-vidal\/","title":{"rendered":"Salazar junto a Vidal"},"content":{"rendered":"<p><!-- VideographyWP Plugin Message: Automatic video embedding prevented by plugin options. --><br \/>\nLa gobernadora electa de Buenos Aires, Mar\u00eda Eugenia Vidal, se reuni\u00f3 ayer con los 64 intendentes electos por Cambiemos, entre ellos Cecilio Salazar, para abordar la transici\u00f3n que deber\u00e1n atravesar muchos de ellos, quienes ya plantean que recibir\u00e1n las comunas en una dif\u00edcil situaci\u00f3n econ\u00f3mica.<br \/>\nEl encuentro tuvo lugar en la sede del gobierno porte\u00f1o y consisti\u00f3 en una jornada de trabajo en la que se contaron las experiencias de gesti\u00f3n de Capital Federal y Vicente L\u00f3pez, ambas gobernadas por el PRO, y tambi\u00e9n se pusieron a disposici\u00f3n los equipos t\u00e9cnicos de la Fundaci\u00f3n Pensar (el \u201cthink tank\u201d del macrismo) para acompa\u00f1ar los procesos de transici\u00f3n m\u00e1s complicados.<br \/>\nAcompa\u00f1ada por su vice electo, Daniel Salvador; el Jefe de Gobierno electo de la Ciudad de Buenos Aires, Horacio Rodr\u00edguez Larreta; y el Secretario General del Gobierno porte\u00f1o, Marcos Pe\u00f1a, Vidal busca descomprimir la preocupaci\u00f3n de los jefes comunales electos, sobre todo del radicalismo, quienes la semana pasada le adelantaron sus quejas respecto de la dif\u00edcil situaci\u00f3n econ\u00f3mica con la que recibir\u00e1n los municipios ganados el 25 de octubre pasado.<br \/>\nEl encuentro con todos los alcaldes electos se dio en la misma jornada en que estaba prevista una reuni\u00f3n de los de origen radical, quienes han planteado la preocupaci\u00f3n del partido en la b\u00fasqueda de espacios de gesti\u00f3n en la Gobernaci\u00f3n.<br \/>\nEn este escenario, los intendentes que asumir\u00e1n responsabilidades a partir del 10 de diciembre ya adelantaron a Vidal un pedido de \u201crespaldo financiero\u201d para asegurar el pago de los sueldos y el medio aguinaldo de diciembre, el primer gran desaf\u00edo que tendr\u00e1n en su nueva gesti\u00f3n.<br \/>\nEste reclamo, vehiculizado a trav\u00e9s de Salvador en un encuentro celebrado la semana pasada en la sede del comit\u00e9 nacional de la UCR, hizo que Vidal dejara a un lado el pedido de \u201cconcentrarse en la campa\u00f1a del balotaje\u201d que lanz\u00f3 a los jefes comunales de la UCR y los convocara para ma\u00f1ana, a fin de desactivar futuros conflictos y llevar tranquilidad a sus socios del radicalismo.<br \/>\nEl encuentro fue abierto por Vidal, quien luego les dio paso a Rodr\u00edguez Larreta y Jorge Macri.<br \/>\nPor la tarde, en tanto, se desarroll\u00f3 un encuentro con t\u00e9cnicos de la Fundaci\u00f3n Pensar, quienes brindaron herramientas para la gesti\u00f3n de los municipios. All\u00ed los jefes comunales pudieron conocer cu\u00e1les ser\u00e1n los mecanismos institucionales previstos para vehiculizar los posibles reclamos y c\u00f3mo responder\u00e1 el futuro gobierno frente a \u00e9stos.<\/p>\n","protected":false},"excerpt":{"rendered":"<p>La gobernadora electa de Buenos Aires, Mar\u00eda Eugenia Vidal, se reuni\u00f3 ayer con los 64 intendentes electos por Cambiemos, entre ellos Cecilio Salazar, para abordar la transici\u00f3n que deber\u00e1n atravesar muchos de ellos, quienes ya plantean que recibir\u00e1n las comunas en una dif\u00edcil situaci\u00f3n econ\u00f3mica. El encuentro tuvo lugar en la sede del gobierno porte\u00f1o [&hellip;]<\/p>\n","protected":false},"author":4,"featured_media":233,"comment_status":"open","ping_status":"closed","sticky":false,"template":"","format":"standard","meta":{"om_disable_all_campaigns":false,"_jetpack_memberships_contains_paid_content":false,"footnotes":""},"categories":[50,2,102],"tags":[127,129,130,126,128],"class_list":["post-231","post","type-post","status-publish","format-standard","has-post-thumbnail","hentry","category-destacadas","category-locales","category-politica-locales","tag-intendente","tag-intendentes","tag-reunion","tag-salazar","tag-vidal"],"aioseo_notices":[],"gutentor_comment":0,"jetpack_featured_media_url":"https:\/\/eldiariodesanpedro.com.ar\/sitio\/wp-content\/uploads\/2015\/11\/PAGINA-31.jpg","jetpack_shortlink":"https:\/\/wp.me\/p6RhLt-3J","jetpack_sharing_enabled":true,"_links":{"self":[{"href":"https:\/\/eldiariodesanpedro.com.ar\/sitio\/wp-json\/wp\/v2\/posts\/231","targetHints":{"allow":["GET"]}}],"collection":[{"href":"https:\/\/eldiariodesanpedro.com.ar\/sitio\/wp-json\/wp\/v2\/posts"}],"about":[{"href":"https:\/\/eldiariodesanpedro.com.ar\/sitio\/wp-json\/wp\/v2\/types\/post"}],"author":[{"embeddable":true,"href":"https:\/\/eldiariodesanpedro.com.ar\/sitio\/wp-json\/wp\/v2\/users\/4"}],"replies":[{"embeddable":true,"href":"https:\/\/eldiariodesanpedro.com.ar\/sitio\/wp-json\/wp\/v2\/comments?post=231"}],"version-history":[{"count":1,"href":"https:\/\/eldiariodesanpedro.com.ar\/sitio\/wp-json\/wp\/v2\/posts\/231\/revisions"}],"predecessor-version":[{"id":234,"href":"https:\/\/eldiariodesanpedro.com.ar\/sitio\/wp-json\/wp\/v2\/posts\/231\/revisions\/234"}],"wp:featuredmedia":[{"embeddable":true,"href":"https:\/\/eldiariodesanpedro.com.ar\/sitio\/wp-json\/wp\/v2\/media\/233"}],"wp:attachment":[{"href":"https:\/\/eldiariodesanpedro.com.ar\/sitio\/wp-json\/wp\/v2\/media?parent=231"}],"wp:term":[{"taxonomy":"category","embeddable":true,"href":"https:\/\/eldiariodesanpedro.com.ar\/sitio\/wp-json\/wp\/v2\/categories?post=231"},{"taxonomy":"post_tag","embeddable":true,"href":"https:\/\/eldiariodesanpedro.com.ar\/sitio\/wp-json\/wp\/v2\/tags?post=231"}],"curies":[{"name":"wp","href":"https:\/\/api.w.org\/{rel}","templated":true}]}}