{"id":227,"date":"2015-11-12T16:40:44","date_gmt":"2015-11-12T19:40:44","guid":{"rendered":"http:\/\/www.eldiariodesanpedro.com.ar\/?p=227"},"modified":"2015-11-12T16:48:14","modified_gmt":"2015-11-12T19:48:14","slug":"recuperan-herramientas-robadas","status":"publish","type":"post","link":"https:\/\/eldiariodesanpedro.com.ar\/sitio\/recuperan-herramientas-robadas\/","title":{"rendered":"Recuperan herramientas robadas"},"content":{"rendered":"<p><!-- VideographyWP Plugin Message: Automatic video embedding prevented by plugin options. --><br \/>\nEn la madrugada del jueves, \u00a0personal policial llev\u00f3 a cabo una orden de allanamiento en la zona del Barrio \u201c2 de Abril\u201d ordenado por la UFI N\u00ba 5. El resultado fue positivo, en ese lugar fueron halladas herramientas varias, alargues el\u00e9ctricos y cer\u00e1micos, que hab\u00edan sido indicados como objetos a secuestrar.<br \/>\nLas diligencias est\u00e1n relacionadas con un hecho de robo que hab\u00eda sido constatado en la ma\u00f1ana, ocurrido en una obra en construcci\u00f3n ubicada en el radio urbano de San Pedro.<\/p>\n","protected":false},"excerpt":{"rendered":"<p>En la madrugada del jueves, \u00a0personal policial llev\u00f3 a cabo una orden de allanamiento en la zona del Barrio \u201c2 de Abril\u201d ordenado por la UFI N\u00ba 5. El resultado fue positivo, en ese lugar fueron halladas herramientas varias, alargues el\u00e9ctricos y cer\u00e1micos, que hab\u00edan sido indicados como objetos a secuestrar. Las diligencias est\u00e1n relacionadas [&hellip;]<\/p>\n","protected":false},"author":4,"featured_media":229,"comment_status":"open","ping_status":"closed","sticky":false,"template":"","format":"standard","meta":{"om_disable_all_campaigns":false,"_jetpack_memberships_contains_paid_content":false,"footnotes":""},"categories":[2,103],"tags":[122,125,123,95,124],"class_list":["post-227","post","type-post","status-publish","format-standard","has-post-thumbnail","hentry","category-locales","category-policiales-locales","tag-allanamiento","tag-barrio-2-de-abril","tag-herramientas","tag-policiales","tag-recuperan"],"aioseo_notices":[],"gutentor_comment":0,"jetpack_featured_media_url":"https:\/\/eldiariodesanpedro.com.ar\/sitio\/wp-content\/uploads\/2015\/11\/PAGINA-2.jpg","jetpack_shortlink":"https:\/\/wp.me\/p6RhLt-3F","jetpack_sharing_enabled":true,"_links":{"self":[{"href":"https:\/\/eldiariodesanpedro.com.ar\/sitio\/wp-json\/wp\/v2\/posts\/227","targetHints":{"allow":["GET"]}}],"collection":[{"href":"https:\/\/eldiariodesanpedro.com.ar\/sitio\/wp-json\/wp\/v2\/posts"}],"about":[{"href":"https:\/\/eldiariodesanpedro.com.ar\/sitio\/wp-json\/wp\/v2\/types\/post"}],"author":[{"embeddable":true,"href":"https:\/\/eldiariodesanpedro.com.ar\/sitio\/wp-json\/wp\/v2\/users\/4"}],"replies":[{"embeddable":true,"href":"https:\/\/eldiariodesanpedro.com.ar\/sitio\/wp-json\/wp\/v2\/comments?post=227"}],"version-history":[{"count":1,"href":"https:\/\/eldiariodesanpedro.com.ar\/sitio\/wp-json\/wp\/v2\/posts\/227\/revisions"}],"predecessor-version":[{"id":230,"href":"https:\/\/eldiariodesanpedro.com.ar\/sitio\/wp-json\/wp\/v2\/posts\/227\/revisions\/230"}],"wp:featuredmedia":[{"embeddable":true,"href":"https:\/\/eldiariodesanpedro.com.ar\/sitio\/wp-json\/wp\/v2\/media\/229"}],"wp:attachment":[{"href":"https:\/\/eldiariodesanpedro.com.ar\/sitio\/wp-json\/wp\/v2\/media?parent=227"}],"wp:term":[{"taxonomy":"category","embeddable":true,"href":"https:\/\/eldiariodesanpedro.com.ar\/sitio\/wp-json\/wp\/v2\/categories?post=227"},{"taxonomy":"post_tag","embeddable":true,"href":"https:\/\/eldiariodesanpedro.com.ar\/sitio\/wp-json\/wp\/v2\/tags?post=227"}],"curies":[{"name":"wp","href":"https:\/\/api.w.org\/{rel}","templated":true}]}}