{"id":2160,"date":"2016-03-01T10:03:19","date_gmt":"2016-03-01T13:03:19","guid":{"rendered":"http:\/\/www.eldiariodesanpedro.com.ar\/?p=2160"},"modified":"2026-01-24T00:36:40","modified_gmt":"2026-01-24T03:36:40","slug":"2160-2","status":"publish","type":"post","link":"https:\/\/eldiariodesanpedro.com.ar\/sitio\/2160-2\/","title":{"rendered":"Esp\u00edndola estar\u00eda confirmado para el preol\u00edmpico"},"content":{"rendered":"<p><!-- VideographyWP Plugin Message: Automatic video embedding prevented by plugin options. --><br \/>\nEl principal entrenador de la selecci\u00f3n Argentina de box, el uruguayo Julio Garc\u00eda, se prest\u00f3 al di\u00e1logo para un an\u00e1lisis del Preol\u00edmpico, de Los C\u00f3ndores, la intenci\u00f3n del COI-AIBA de sumar boxeadores profesionales a los Juegos Ol\u00edmpicos de R\u00edo 2016.<br \/>\nHasta destac\u00f3 la falta de la pol\u00edtica deportiva. Aun as\u00ed se mostr\u00f3 positivo: \u00abVamos a dar que hablar\u00bb lo dijo al aire de AM 950 Radio Belgrano.<br \/>\nSer\u00e1 la segunda vez que Argentina presente boxeadores en todas las categor\u00edas en un Preol\u00edmpico. La \u00faltima vez hab\u00edan sido Brasil (2012) sin mujeres y con 13 boxeadores.<br \/>\nSer locales facilita m\u00e1s presencias en competencia; 10 masculinos y 3 femeninas. \u00abLa localia es fundamental y tenemos buenos valores. Podemos alcanzar algunos lugares y no justamente con un gran apoyo econ\u00f3mico pero si gracias a una gran preparaci\u00f3n por el valor de cada uno de los boxeadores. Algunos boxeadores ya van sembrados y tienen m\u00e1s chances de aqu\u00e9l que no. Tenemos un plantel respetable\u00bb, asegur\u00f3.<br \/>\nEstos ser\u00edan los argentinos que participar\u00edan del Torneo Preol\u00edmpico del Continente Americano; Varones en 46-49Kg Junior Z\u00e1rate; 52Kg Fernando \u00abel pumita\u00bb Mart\u00ednez; 56Kg Alberto \u00abImpacto\u00bb Meli\u00e1n; 60Kg Ignacio \u00abnacho\u00bb Perrin, 64Kg Juan Carrasco,<br \/>\n69Kg Alberto Palmetta, 75Kg Joaqu\u00edn Lingua, 81kg Marco Escudero, 91Kg Yamil Peralta y +91kg Kevin Esp\u00edndola. Y, en la mujeres, 48-51kg Clara Lescurat; 57kg Lucia P\u00e9rez y 60kg Dayana S\u00e1nchez. Dicho evento dar\u00e1 30 cupos (*) para los Juegos Ol\u00edmpicos de R\u00edo de Janeiro 2016.<\/p>\n","protected":false},"excerpt":{"rendered":"<p>El principal entrenador de la selecci\u00f3n Argentina de box, el uruguayo Julio Garc\u00eda, se prest\u00f3 al di\u00e1logo para un an\u00e1lisis del Preol\u00edmpico, de Los C\u00f3ndores, la intenci\u00f3n del COI-AIBA de sumar boxeadores profesionales a los Juegos Ol\u00edmpicos de R\u00edo 2016. Hasta destac\u00f3 la falta de la pol\u00edtica deportiva. Aun as\u00ed se mostr\u00f3 positivo: \u00abVamos a [&hellip;]<\/p>\n","protected":false},"author":4,"featured_media":2162,"comment_status":"open","ping_status":"closed","sticky":false,"template":"","format":"standard","meta":{"om_disable_all_campaigns":false,"_jetpack_memberships_contains_paid_content":false,"footnotes":""},"categories":[5],"tags":[],"class_list":["post-2160","post","type-post","status-publish","format-standard","has-post-thumbnail","hentry","category-deportes"],"aioseo_notices":[],"gutentor_comment":0,"jetpack_featured_media_url":"https:\/\/eldiariodesanpedro.com.ar\/sitio\/wp-content\/uploads\/2016\/03\/boxeo_-_espindola_1280x768.jpg","jetpack_shortlink":"https:\/\/wp.me\/p6RhLt-yQ","jetpack_sharing_enabled":true,"_links":{"self":[{"href":"https:\/\/eldiariodesanpedro.com.ar\/sitio\/wp-json\/wp\/v2\/posts\/2160","targetHints":{"allow":["GET"]}}],"collection":[{"href":"https:\/\/eldiariodesanpedro.com.ar\/sitio\/wp-json\/wp\/v2\/posts"}],"about":[{"href":"https:\/\/eldiariodesanpedro.com.ar\/sitio\/wp-json\/wp\/v2\/types\/post"}],"author":[{"embeddable":true,"href":"https:\/\/eldiariodesanpedro.com.ar\/sitio\/wp-json\/wp\/v2\/users\/4"}],"replies":[{"embeddable":true,"href":"https:\/\/eldiariodesanpedro.com.ar\/sitio\/wp-json\/wp\/v2\/comments?post=2160"}],"version-history":[{"count":1,"href":"https:\/\/eldiariodesanpedro.com.ar\/sitio\/wp-json\/wp\/v2\/posts\/2160\/revisions"}],"predecessor-version":[{"id":2163,"href":"https:\/\/eldiariodesanpedro.com.ar\/sitio\/wp-json\/wp\/v2\/posts\/2160\/revisions\/2163"}],"wp:featuredmedia":[{"embeddable":true,"href":"https:\/\/eldiariodesanpedro.com.ar\/sitio\/wp-json\/wp\/v2\/media\/2162"}],"wp:attachment":[{"href":"https:\/\/eldiariodesanpedro.com.ar\/sitio\/wp-json\/wp\/v2\/media?parent=2160"}],"wp:term":[{"taxonomy":"category","embeddable":true,"href":"https:\/\/eldiariodesanpedro.com.ar\/sitio\/wp-json\/wp\/v2\/categories?post=2160"},{"taxonomy":"post_tag","embeddable":true,"href":"https:\/\/eldiariodesanpedro.com.ar\/sitio\/wp-json\/wp\/v2\/tags?post=2160"}],"curies":[{"name":"wp","href":"https:\/\/api.w.org\/{rel}","templated":true}]}}