{"id":2152,"date":"2016-03-01T09:58:05","date_gmt":"2016-03-01T12:58:05","guid":{"rendered":"http:\/\/www.eldiariodesanpedro.com.ar\/?p=2152"},"modified":"2026-01-24T00:36:40","modified_gmt":"2026-01-24T03:36:40","slug":"2152-2","status":"publish","type":"post","link":"https:\/\/eldiariodesanpedro.com.ar\/sitio\/2152-2\/","title":{"rendered":"Homenaje a Carlos Giuliani y triunfo de Magne en la carrera central"},"content":{"rendered":"<p><!-- VideographyWP Plugin Message: Automatic video embedding prevented by plugin options. --><br \/>\nTal lo anunciado, se realiz\u00f3 el s\u00e1bado el Gran Premio \u00abCarlos Giuliani Campe\u00f3n de las 200 Millas de Oro\u00bb, destacada participaci\u00f3n de corredores, que se convocaron para manifestar su reconocimiento ante este triunfo obtenido en Uruguay por el representante de San Pedro; tarde brillante de velocidad y variantes dis\u00edmiles a lo largo de todo el programa.<br \/>\nEl menor de los Basualdo, Alejandro, comenz\u00f3 a subir a lo m\u00e1s alto del podio de la Pe\u00f1a; Jos\u00e9 Carmona triunf\u00f3 en Master \u00abD\u00bb, los Infantiles pusieron el colorido y simpat\u00eda al espect\u00e1culo deportivo; Federico Mendoza, fue el mejor en Menores de 45; \u00abChicho\u00bb Varela, continua cruzando la meta en primer lugar de Master \u00abC\u00bb; \u00abWichi\u00bb Alegre se llev\u00f3 los laureles en Master \u00abB\u00bb y el gran premio se fue para Z\u00e1rate, en poder de Mart\u00edn Magne, quien luego del gran logro, dijo: \u00abFeliz de haber ganado&#8230;..Carlos Giuliani es mi \u00cddolo\u00bb.<br \/>\nLos Amigos del Ciclismo, otorgaron un reconocimiento, Que fue entregado a Carlos Giuliani por su se\u00f1ora esposa e hijos.<br \/>\nLos resultados del s\u00e1bado 27 de Febrero en el Panor\u00e1mico del Oeste, organizado por Pro Ciclismo San Pedro, as\u00ed sucedieron:<br \/>\nPE\u00d1A SAMPEDRINA<br \/>\n1\u00b0 Alejandro Basualdo<br \/>\n2\u00b0 Mauricio Beretta<br \/>\n3\u00b0 Jos\u00e9 Eduardo Hepp<br \/>\n4\u00b0 Javier Eloisa<br \/>\n5\u00b0 Luis Chilelli<br \/>\nMASTER \u00abD\u00bb<br \/>\n1\u00b0 Jos\u00e9 Carmona (Z\u00e1rate)<br \/>\n2\u00b0 Juan Carlos Ariza (Arrecifes)<br \/>\n3\u00b0 Oscar \u00abColita\u00bb Vidal (Arrecifes)<br \/>\n4\u00b0 Rub\u00e9n \u00abCach\u00edn\u00bb Fern\u00e1ndez (San Pedro)<br \/>\n5\u00b0 Jorge Cannata (San Pedro)<\/p>\n<p>INFANTILES<br \/>\nParticiparon: Eliseo Sayas &#8211; Santiago Gru\u00f1eiro (San Nicol\u00e1s) &#8211; Francisco Mondinali &#8211;<br \/>\nJenifer Mercao (Campana) &#8211; Laureano Cardoso &#8211; Fantino Giuliani &#8211; Justin Giulini.-<\/p>\n<p>MENORES DE 45<br \/>\n1\u00b0 Federico Mendoza (Colon)<br \/>\n2\u00b0 Pablo Leone (San Pedro)<br \/>\n3\u00b0 Jos\u00e9 Hernandorena (San Pedro)<br \/>\n4\u00b0 Mateo Ch\u00e1vez (Capit\u00e1n Sarmiento)<br \/>\n5\u00b0 Juan Jos\u00e9 Paz (San Pedro)<br \/>\nGanador sprint especial: Federico Mendoza (Colon)<\/p>\n<p>MASTER \u00abC\u00bb y MAYORES DE 45<br \/>\n1\u00b0 N\u00e9stor \u00abChicho\u00bb Varela (Arrecifes)<br \/>\n2\u00b0 Sergio Lucero (Capit\u00e1n Sarmiento)<br \/>\n3\u00b0 Lucio Gim\u00e9nez (R\u00edo Tala)<br \/>\n4\u00b0 Luis Vegueti (Rafaela)<br \/>\n5\u00b0 Narcizo Almua (Campana)<br \/>\n6\u00b0 Luis Olivi (Z\u00e1rate)<br \/>\nGanadores sprint especial: David Vacari (Rosario) &#8211; N\u00e9stor Varela (Arrecifes) &#8211; Juan Sullivan (Arrecifes) &#8211; Daniel Boaglio (San Pedro) &#8211; Narcizo Almua (Campana).-<\/p>\n<p>MASTER \u00abB\u00bb<br \/>\n1\u00b0 Luis \u00abWichi\u00bb Alegre (Capit\u00e1n Sarmiento)<br \/>\n2\u00b0 Pablo Mallo (San Pedro)<br \/>\n3\u00b0 Marcos P\u00e9rez (Salto)<\/p>\n<p>PROMO y MASTER \u00abA\u00bb<br \/>\n1\u00b0 Mart\u00edn Magne (Z\u00e1rate)<br \/>\n2\u00b0 Juistin Joach\u00edn ((La Luisa)<br \/>\n3\u00b0 Cristian Monz\u00f3n (San Pedro)<br \/>\n4\u00b0 Adri\u00e1n Mendoza (San Pedro)<br \/>\n5\u00b0 Lazaro Villarruel (San Pedro)<br \/>\n6\u00b0 Jos\u00e9 Ram\u00f3n Paz (San Pedro)<br \/>\n7\u00b0 Mariano Manzo (San Pedro)<br \/>\nGanadores sprint especiales: Cristian Monz\u00f3n (San Pedro) &#8211; Esteban Massari (San Nicol\u00e1s) &#8211; Cristian Alarc\u00f3n (San Nicol\u00e1s) &#8211; Braian Lucero (Capit\u00e1n Sarmiento) &#8211; Adri\u00e1n Haesler (San Nicol\u00e1s).-<\/p>\n<p>EN SAN NICOLAS<br \/>\nCulmin\u00f3 en la Ciudad de San Nicol\u00e1s la temporada nocturna organizado por el Club<br \/>\nCiclista y aqu\u00ed est\u00e1n los resultados de jueves 25 de Febrero<br \/>\nPE\u00d1A \u201cJACINTO CASERES,<br \/>\n1\u00b0 Roberto G\u00f3mez (Capilla Se\u00f1or)<br \/>\n2\u00b0 Jorge Cannata (San Pedro)<br \/>\n3\u00b0 Mario Gallego (San Nicol\u00e1s)<\/p>\n<p>INFANTILES.<br \/>\nParticiparon: Rafael Gamarra (San Nicol\u00e1s) &#8211; Benjam\u00edn Vald\u00e9z (San Nicol\u00e1s) &#8211;<br \/>\nMaximiliano Tognato (Casilda) &#8211; Maite Tognato (Casilda) &#8211; Bautista Barsella (San Nicol\u00e1s) &#8211; Francisco Barcala (San Nicol\u00e1s).-<\/p>\n<p>2010 &#8211; 2011<br \/>\n1\u00b0 Salvador Gru\u00f1eiro (San Nicol\u00e1s)<br \/>\n2\u00b0 Katia Alarc\u00f3n (San Nicol\u00e1s)<\/p>\n<p>2008 &#8211; 2009<br \/>\n1\u00b0 Sebasti\u00e1n Albornoz (Villa Constituci\u00f3n)<br \/>\n2\u00b0 Federico Vel\u00e1zquez (San Nicol\u00e1s)<\/p>\n<p>2006 &#8211; 2007<br \/>\n1\u00b0 Santiago Gru\u00f1eiro (San Nicol\u00e1s)<br \/>\n2\u00b0 Bautista Nichea (San Nicol\u00e1s)<br \/>\n3\u00b0 Ulises Vel\u00e1zquez (San Nicol\u00e1s)<\/p>\n<p>MENORES DE 45<br \/>\n1\u00b0 Daniel Boaglio (San Pedro)<br \/>\n2\u00b0 Roberto G\u00f3mez (Capilla del Se\u00f1or)<br \/>\n3\u00b0 Agust\u00edn Ruiz (San Pedro)<br \/>\n4\u00b0 Juan Leguizam\u00f3n (Salto)<br \/>\n5\u00b0 Guillermo Molina (Arroyo Seco)<\/p>\n<p>MASTER \u00abC\u00bb y MAYORES DE 45<br \/>\n1\u00b0 Juan T. Sullivan (Arrecifes)<br \/>\n2\u00b0 Jorge Cogliati (Rosario)<br \/>\n3\u00b0 N\u00e9stor \u00abChicho\u00bb Varela (Arrecifes)<br \/>\n4\u00b0 David Vaccari (Rosario)<br \/>\n5\u00b0 Luis Vegueti (Rafaela)<\/p>\n<p>PROMO &#8211; MASTER \u00abA\u00bb y MASTER \u00abB\u00bb<br \/>\n1\u00b0 Cristian Alarc\u00f3n (San Nicol\u00e1s)<br \/>\n2\u00b0 Cristian Monz\u00f3n (San Pedro)<br \/>\n3\u00b0 Lazaro Villarruel (san Pedro)<br \/>\n4\u00b0 Ariel Leguizam\u00f3n (Salto)<br \/>\n5\u00b0 Jos\u00e9 Ram\u00f3n Paz (San Pedro)<br \/>\n6\u00b0 Cristian Basualdo (San Pedro)<br \/>\nGanadores sprint especial: Lazaro Villarruel (San Pedro) &#8211; Mariano Manzo (san Pedro) y Cristian Alarc\u00f3n (San Nicol\u00e1s).-<\/p>\n","protected":false},"excerpt":{"rendered":"<p>Tal lo anunciado, se realiz\u00f3 el s\u00e1bado el Gran Premio \u00abCarlos Giuliani Campe\u00f3n de las 200 Millas de Oro\u00bb, destacada participaci\u00f3n de corredores, que se convocaron para manifestar su reconocimiento ante este triunfo obtenido en Uruguay por el representante de San Pedro; tarde brillante de velocidad y variantes dis\u00edmiles a lo largo de todo el [&hellip;]<\/p>\n","protected":false},"author":4,"featured_media":2154,"comment_status":"open","ping_status":"closed","sticky":false,"template":"","format":"standard","meta":{"om_disable_all_campaigns":false,"_jetpack_memberships_contains_paid_content":false,"footnotes":""},"categories":[5],"tags":[],"class_list":["post-2152","post","type-post","status-publish","format-standard","has-post-thumbnail","hentry","category-deportes"],"aioseo_notices":[],"gutentor_comment":0,"jetpack_featured_media_url":"https:\/\/eldiariodesanpedro.com.ar\/sitio\/wp-content\/uploads\/2016\/03\/8f8ba152-a202-4346-9ebb-0b080228ca9d.jpg","jetpack_shortlink":"https:\/\/wp.me\/p6RhLt-yI","jetpack_sharing_enabled":true,"_links":{"self":[{"href":"https:\/\/eldiariodesanpedro.com.ar\/sitio\/wp-json\/wp\/v2\/posts\/2152","targetHints":{"allow":["GET"]}}],"collection":[{"href":"https:\/\/eldiariodesanpedro.com.ar\/sitio\/wp-json\/wp\/v2\/posts"}],"about":[{"href":"https:\/\/eldiariodesanpedro.com.ar\/sitio\/wp-json\/wp\/v2\/types\/post"}],"author":[{"embeddable":true,"href":"https:\/\/eldiariodesanpedro.com.ar\/sitio\/wp-json\/wp\/v2\/users\/4"}],"replies":[{"embeddable":true,"href":"https:\/\/eldiariodesanpedro.com.ar\/sitio\/wp-json\/wp\/v2\/comments?post=2152"}],"version-history":[{"count":1,"href":"https:\/\/eldiariodesanpedro.com.ar\/sitio\/wp-json\/wp\/v2\/posts\/2152\/revisions"}],"predecessor-version":[{"id":2155,"href":"https:\/\/eldiariodesanpedro.com.ar\/sitio\/wp-json\/wp\/v2\/posts\/2152\/revisions\/2155"}],"wp:featuredmedia":[{"embeddable":true,"href":"https:\/\/eldiariodesanpedro.com.ar\/sitio\/wp-json\/wp\/v2\/media\/2154"}],"wp:attachment":[{"href":"https:\/\/eldiariodesanpedro.com.ar\/sitio\/wp-json\/wp\/v2\/media?parent=2152"}],"wp:term":[{"taxonomy":"category","embeddable":true,"href":"https:\/\/eldiariodesanpedro.com.ar\/sitio\/wp-json\/wp\/v2\/categories?post=2152"},{"taxonomy":"post_tag","embeddable":true,"href":"https:\/\/eldiariodesanpedro.com.ar\/sitio\/wp-json\/wp\/v2\/tags?post=2152"}],"curies":[{"name":"wp","href":"https:\/\/api.w.org\/{rel}","templated":true}]}}