{"id":2146,"date":"2016-03-01T09:49:15","date_gmt":"2016-03-01T12:49:15","guid":{"rendered":"http:\/\/www.eldiariodesanpedro.com.ar\/?p=2146"},"modified":"2016-03-01T09:49:15","modified_gmt":"2016-03-01T12:49:15","slug":"2146-2","status":"publish","type":"post","link":"https:\/\/eldiariodesanpedro.com.ar\/sitio\/2146-2\/","title":{"rendered":"Allanamiento por un hecho de violencia de genero"},"content":{"rendered":"<p><!-- VideographyWP Plugin Message: Automatic video embedding prevented by plugin options. --><br \/>\nAyer en horas de la tarde personal policial realizo diligencia de allanamiento en calle Ruiz Moreno al 2100, en relaci\u00f3n a un hecho de violencia de genero ocurrido durante la ma\u00f1ana en la escuela nro. 11 de San Pedro, en el domicilio se secuestraron cartuchos de escopeta, se dio intervenci\u00f3n a la UFI nro. 7 San Pedro.<\/p>\n","protected":false},"excerpt":{"rendered":"<p>Ayer en horas de la tarde personal policial realizo diligencia de allanamiento en calle Ruiz Moreno al 2100, en relaci\u00f3n a un hecho de violencia de genero ocurrido durante la ma\u00f1ana en la escuela nro. 11 de San Pedro, en el domicilio se secuestraron cartuchos de escopeta, se dio intervenci\u00f3n a la UFI nro. 7 [&hellip;]<\/p>\n","protected":false},"author":4,"featured_media":1374,"comment_status":"open","ping_status":"closed","sticky":false,"template":"","format":"standard","meta":{"om_disable_all_campaigns":false,"_jetpack_memberships_contains_paid_content":false,"footnotes":""},"categories":[2,103],"tags":[],"class_list":["post-2146","post","type-post","status-publish","format-standard","has-post-thumbnail","hentry","category-locales","category-policiales-locales"],"aioseo_notices":[],"gutentor_comment":0,"jetpack_featured_media_url":"https:\/\/eldiariodesanpedro.com.ar\/sitio\/wp-content\/uploads\/2015\/12\/allanamientos-02.jpg","jetpack_shortlink":"https:\/\/wp.me\/p6RhLt-yC","jetpack_sharing_enabled":true,"_links":{"self":[{"href":"https:\/\/eldiariodesanpedro.com.ar\/sitio\/wp-json\/wp\/v2\/posts\/2146","targetHints":{"allow":["GET"]}}],"collection":[{"href":"https:\/\/eldiariodesanpedro.com.ar\/sitio\/wp-json\/wp\/v2\/posts"}],"about":[{"href":"https:\/\/eldiariodesanpedro.com.ar\/sitio\/wp-json\/wp\/v2\/types\/post"}],"author":[{"embeddable":true,"href":"https:\/\/eldiariodesanpedro.com.ar\/sitio\/wp-json\/wp\/v2\/users\/4"}],"replies":[{"embeddable":true,"href":"https:\/\/eldiariodesanpedro.com.ar\/sitio\/wp-json\/wp\/v2\/comments?post=2146"}],"version-history":[{"count":1,"href":"https:\/\/eldiariodesanpedro.com.ar\/sitio\/wp-json\/wp\/v2\/posts\/2146\/revisions"}],"predecessor-version":[{"id":2148,"href":"https:\/\/eldiariodesanpedro.com.ar\/sitio\/wp-json\/wp\/v2\/posts\/2146\/revisions\/2148"}],"wp:featuredmedia":[{"embeddable":true,"href":"https:\/\/eldiariodesanpedro.com.ar\/sitio\/wp-json\/wp\/v2\/media\/1374"}],"wp:attachment":[{"href":"https:\/\/eldiariodesanpedro.com.ar\/sitio\/wp-json\/wp\/v2\/media?parent=2146"}],"wp:term":[{"taxonomy":"category","embeddable":true,"href":"https:\/\/eldiariodesanpedro.com.ar\/sitio\/wp-json\/wp\/v2\/categories?post=2146"},{"taxonomy":"post_tag","embeddable":true,"href":"https:\/\/eldiariodesanpedro.com.ar\/sitio\/wp-json\/wp\/v2\/tags?post=2146"}],"curies":[{"name":"wp","href":"https:\/\/api.w.org\/{rel}","templated":true}]}}