{"id":2139,"date":"2016-03-01T09:44:41","date_gmt":"2016-03-01T12:44:41","guid":{"rendered":"http:\/\/www.eldiariodesanpedro.com.ar\/?p=2139"},"modified":"2016-03-01T09:44:41","modified_gmt":"2016-03-01T12:44:41","slug":"corria-picadas-por-el-centro-y-fue-aprehendido","status":"publish","type":"post","link":"https:\/\/eldiariodesanpedro.com.ar\/sitio\/corria-picadas-por-el-centro-y-fue-aprehendido\/","title":{"rendered":"Corr\u00eda picadas por el centro y fue aprehendido"},"content":{"rendered":"<p><!-- VideographyWP Plugin Message: Automatic video embedding prevented by plugin options. --><br \/>\nEl hecho ocurri\u00f3 en las primeras horas de este lunes, promediando las 00.30. El sujeto, que se dirig\u00eda en un autom\u00f3vil a toda velocidad, fue interceptado por personal perteneciente a la Direcci\u00f3n de Seguridad, Tr\u00e1nsito y Nocturnidad, acompa\u00f1ados por efectivos de la comisar\u00eda local.<br \/>\nEl irresponsable conductor manejaba un Fiat Uno y se encontraba realizando picadas en zona c\u00e9ntrica.<br \/>\nSe le practic\u00f3 el test de alcoholemia, que arroj\u00f3 resultado positivo (1,51), por lo cual se secuestr\u00f3 el autom\u00f3vil con intervenci\u00f3n Juzgado de Faltas local.<\/p>\n","protected":false},"excerpt":{"rendered":"<p>El hecho ocurri\u00f3 en las primeras horas de este lunes, promediando las 00.30. El sujeto, que se dirig\u00eda en un autom\u00f3vil a toda velocidad, fue interceptado por personal perteneciente a la Direcci\u00f3n de Seguridad, Tr\u00e1nsito y Nocturnidad, acompa\u00f1ados por efectivos de la comisar\u00eda local. El irresponsable conductor manejaba un Fiat Uno y se encontraba realizando [&hellip;]<\/p>\n","protected":false},"author":4,"featured_media":1283,"comment_status":"open","ping_status":"closed","sticky":false,"template":"","format":"standard","meta":{"om_disable_all_campaigns":false,"_jetpack_memberships_contains_paid_content":false,"footnotes":""},"categories":[2,103],"tags":[],"class_list":["post-2139","post","type-post","status-publish","format-standard","has-post-thumbnail","hentry","category-locales","category-policiales-locales"],"aioseo_notices":[],"gutentor_comment":0,"jetpack_featured_media_url":"https:\/\/eldiariodesanpedro.com.ar\/sitio\/wp-content\/uploads\/2015\/12\/images.jpg","jetpack_shortlink":"https:\/\/wp.me\/p6RhLt-yv","jetpack_sharing_enabled":true,"_links":{"self":[{"href":"https:\/\/eldiariodesanpedro.com.ar\/sitio\/wp-json\/wp\/v2\/posts\/2139","targetHints":{"allow":["GET"]}}],"collection":[{"href":"https:\/\/eldiariodesanpedro.com.ar\/sitio\/wp-json\/wp\/v2\/posts"}],"about":[{"href":"https:\/\/eldiariodesanpedro.com.ar\/sitio\/wp-json\/wp\/v2\/types\/post"}],"author":[{"embeddable":true,"href":"https:\/\/eldiariodesanpedro.com.ar\/sitio\/wp-json\/wp\/v2\/users\/4"}],"replies":[{"embeddable":true,"href":"https:\/\/eldiariodesanpedro.com.ar\/sitio\/wp-json\/wp\/v2\/comments?post=2139"}],"version-history":[{"count":1,"href":"https:\/\/eldiariodesanpedro.com.ar\/sitio\/wp-json\/wp\/v2\/posts\/2139\/revisions"}],"predecessor-version":[{"id":2141,"href":"https:\/\/eldiariodesanpedro.com.ar\/sitio\/wp-json\/wp\/v2\/posts\/2139\/revisions\/2141"}],"wp:featuredmedia":[{"embeddable":true,"href":"https:\/\/eldiariodesanpedro.com.ar\/sitio\/wp-json\/wp\/v2\/media\/1283"}],"wp:attachment":[{"href":"https:\/\/eldiariodesanpedro.com.ar\/sitio\/wp-json\/wp\/v2\/media?parent=2139"}],"wp:term":[{"taxonomy":"category","embeddable":true,"href":"https:\/\/eldiariodesanpedro.com.ar\/sitio\/wp-json\/wp\/v2\/categories?post=2139"},{"taxonomy":"post_tag","embeddable":true,"href":"https:\/\/eldiariodesanpedro.com.ar\/sitio\/wp-json\/wp\/v2\/tags?post=2139"}],"curies":[{"name":"wp","href":"https:\/\/api.w.org\/{rel}","templated":true}]}}